{"id":8454,"date":"2026-09-01T08:22:07","date_gmt":"2026-09-01T06:22:07","guid":{"rendered":"https:\/\/gradskimuzej.subotica.rs\/?p=8454"},"modified":"2026-09-01T08:22:08","modified_gmt":"2026-09-01T06:22:08","slug":"suboticke-porudzbine-slikara-karolja-jakobeja","status":"publish","type":"post","link":"https:\/\/gradskimuzej.subotica.rs\/?p=8454&lang=sr","title":{"rendered":"Suboti\u010dke porud\u017ebine slikara Karolja Jakobeja"},"content":{"rendered":"\n<p>Srda\u010dno vas pozivamo na predavanje \u017du\u017eane Korhec &#8220;Suboti\u010dke porud\u017ebine slikara Karolja Jakobeja&#8221; koje \u0107e se odr\u017eati u okviru programa povodom obele\u017eavanja Dana grada, 2. septembra 2026. od 18 \u010dasova (Gradski muzej Subotica Trg sinagoge 3.)<\/p>\n\n\n\n<p>Re\u010di \u201eIme Jakobej \u0107e pred suboti\u010dkom publikom zauvek ostati u slavi\u201c jesu obe\u0107anje na\u0161ih predaka iz 1859. godine. Predavanje \u0107e predstaviti dela Karolja Jakobeja (Kula, 1826 \u2013 Budimpe\u0161ta, 1891) koja su Suboti\u010dani poru\u010dili od slikara. Od tih slika \u010detiri su izlo\u017eene na me\u0111unarodnoj izlo\u017ebi u Gradskom muzeju Subotica, povodom 200 godina od ro\u0111enja slikara, predstavnika istoricizma.<\/p>\n\n\n\n<p>Povodom Dana grada, ulaz u Gradski muzej u Subotici je besplatno od 1. do 3. septembra.<\/p>\n","protected":false},"excerpt":{"rendered":"<p>Srda\u010dno vas pozivamo na predavanje \u017du\u017eane Korhec &#8220;Suboti\u010dke porud\u017ebine slikara Karolja Jakobeja&#8221; koje \u0107e se odr\u017eati u okviru programa povodom obele\u017eavanja Dana grada, 2. septembra 2026. od 18 \u010dasova (Gradski muzej Subotica Trg sinagoge 3.) Re\u010di \u201eIme Jakobej \u0107e pred suboti\u010dkom publikom zauvek ostati u slavi\u201c jesu obe\u0107anje na\u0161ih predaka iz 1859. godine. Predavanje \u0107e [&hellip;]<\/p>\n","protected":false},"author":2,"featured_media":8455,"comment_status":"open","ping_status":"closed","sticky":false,"template":"","format":"standard","meta":{"footnotes":""},"categories":[13],"tags":[125],"_links":{"self":[{"href":"https:\/\/gradskimuzej.subotica.rs\/index.php?rest_route=\/wp\/v2\/posts\/8454"}],"collection":[{"href":"https:\/\/gradskimuzej.subotica.rs\/index.php?rest_route=\/wp\/v2\/posts"}],"about":[{"href":"https:\/\/gradskimuzej.subotica.rs\/index.php?rest_route=\/wp\/v2\/types\/post"}],"author":[{"embeddable":true,"href":"https:\/\/gradskimuzej.subotica.rs\/index.php?rest_route=\/wp\/v2\/users\/2"}],"replies":[{"embeddable":true,"href":"https:\/\/gradskimuzej.subotica.rs\/index.php?rest_route=%2Fwp%2Fv2%2Fcomments&post=8454"}],"version-history":[{"count":1,"href":"https:\/\/gradskimuzej.subotica.rs\/index.php?rest_route=\/wp\/v2\/posts\/8454\/revisions"}],"predecessor-version":[{"id":8456,"href":"https:\/\/gradskimuzej.subotica.rs\/index.php?rest_route=\/wp\/v2\/posts\/8454\/revisions\/8456"}],"wp:featuredmedia":[{"embeddable":true,"href":"https:\/\/gradskimuzej.subotica.rs\/index.php?rest_route=\/wp\/v2\/media\/8455"}],"wp:attachment":[{"href":"https:\/\/gradskimuzej.subotica.rs\/index.php?rest_route=%2Fwp%2Fv2%2Fmedia&parent=8454"}],"wp:term":[{"taxonomy":"category","embeddable":true,"href":"https:\/\/gradskimuzej.subotica.rs\/index.php?rest_route=%2Fwp%2Fv2%2Fcategories&post=8454"},{"taxonomy":"post_tag","embeddable":true,"href":"https:\/\/gradskimuzej.subotica.rs\/index.php?rest_route=%2Fwp%2Fv2%2Ftags&post=8454"}],"curies":[{"name":"wp","href":"https:\/\/api.w.org\/{rel}","templated":true}]}}