{"id":8160,"date":"2025-12-17T12:46:50","date_gmt":"2025-12-17T11:46:50","guid":{"rendered":"https:\/\/gradskimuzej.subotica.rs\/?p=8160"},"modified":"2025-12-23T09:05:54","modified_gmt":"2025-12-23T08:05:54","slug":"a-szabadkai-varosi-muzeum-muszaki-gyujtemenye","status":"publish","type":"post","link":"https:\/\/gradskimuzej.subotica.rs\/?p=8160&lang=hu","title":{"rendered":"A Szabadkai V\u00e1rosi M\u00fazeum M\u0171szaki gy\u0171jtem\u00e9nye"},"content":{"rendered":"\n<p><strong>Megnyit\u00f3:&nbsp;<\/strong>&nbsp;2025. december 17., 18 \u00f3ra<br><strong>Helysz\u00edn:&nbsp;<\/strong>f\u00f6ldszinti ki\u00e1ll\u00edt\u00f3terem<br><strong>A ki\u00e1ll\u00edt\u00e1s&nbsp;szerz\u0151je:<\/strong> Kubicskovics \u00c1kos<br>A ki\u00e1ll\u00edt\u00e1s 2026. m\u00e1jus 18-ig l\u00e1togathat\u00f3.<\/p>\n\n\n\n<p>A Szabadkai V\u00e1rosi M\u00fazeumban 2025. december 17-\u00e9n megnyitott\u00e1k <em>A Szabadkai V\u00e1rosi M\u00fazeum M\u0171szaki gy\u0171jtem\u00e9nye<\/em> c\u00edm\u0171 tematikus ki\u00e1ll\u00edt\u00e1st. A ki\u00e1ll\u00edt\u00e1st Zoran Levi\u0107, a Belgr\u00e1di M\u0171szaki \u00e9s Tudom\u00e1nyos M\u00fazeum igazgat\u00f3ja \u00e9s a ki\u00e1ll\u00edt\u00e1s szakmai mentora nyitotta meg. A ki\u00e1ll\u00edt\u00e1s szerz\u0151je Kubicskovics \u00c1kos, a Szabadkai V\u00e1rosi M\u00fazeum muzeol\u00f3gus-t\u00f6rt\u00e9n\u00e9sze, m\u00edg a ki\u00e1ll\u00edt\u00e1s kivitelez\u00e9s\u00e9ben Lality Csaba tervez\u0151grafikus m\u0171k\u00f6d\u00f6tt k\u00f6zre.\u201d<\/p>\n\n\n\n<p>A ki\u00e1ll\u00edt\u00e1s a gy\u0171jtem\u00e9ny v\u00e1logatott t\u00e1rgyait mutatja be, m\u00edg a ki\u00e1ll\u00edt\u00e1s katal\u00f3gus\u00e1ban a gy\u0171jtem\u00e9ny valamennyi t\u00e1rgya szerepelni fog. A ki\u00e1ll\u00edt\u00e1si t\u00e1rgyak m\u0171szaki\u2013t\u00f6rt\u00e9neti tematikus egys\u00e9gek szerint ker\u00fcltek csoportos\u00edt\u00e1sra: nyomd\u00e1szat, \u00edr\u00f3g\u00e9pek, t\u00e1vk\u00f6zl\u00e9s, fot\u00f3technika, r\u00e1di\u00f3, audiovizu\u00e1lis technol\u00f3gi\u00e1k, telev\u00edzi\u00f3, valamint egy k\u00fcl\u00f6n \u2013 \u201eegy\u00e9b\u201d \u2013 kateg\u00f3ri\u00e1ban k\u00fcl\u00f6nf\u00e9le t\u00e1rgyt\u00edpusok kaptak helyet. A ki\u00e1ll\u00edtott t\u00e1rgyak k\u00f6z\u00f6tt megtal\u00e1lhat\u00f3k szabadkai v\u00e1llalatok (Goldner fiv\u00e9rek, Metalija), valamint Jugoszl\u00e1via egy\u00e9b t\u00e9rs\u00e9geib\u0151l sz\u00e1rmaz\u00f3 c\u00e9gek term\u00e9kei, de nagyobb r\u00e9sz\u00fck k\u00fclf\u00f6ldi eredet\u0171 \u2013 n\u00e9met, amerikai, francia, brit vagy a volt keleti blokk orsz\u00e1gaib\u00f3l. Ezek a t\u00e1rgyak kereskedelmi forgalomban jutottak el haszn\u00e1l\u00f3ikhoz, \u00e9s haszn\u00e1latuk r\u00e9v\u00e9n k\u00f6t\u0151dnek Szabadk\u00e1hoz \u00e9s k\u00f6rny\u00e9k\u00e9hez. A ki\u00e1ll\u00edt\u00e1s bizonyos \u00e9rtelemben betekint\u00e9st ny\u00fajt Szabadka m\u0171szaki viszonyaiba a 19. sz\u00e1zad v\u00e9g\u00e9t\u0151l a 20. sz\u00e1zad k\u00f6zep\u00e9ig.<\/p>\n\n\n\n<p>A ki\u00e1ll\u00edt\u00e1s tematikus egys\u00e9geit ismeretterjeszt\u0151 sz\u00f6vegek k\u00eds\u00e9rik, amelyek \u00e1ttekint\u00e9st adnak az egyes m\u0171szaki ter\u00fcletekr\u0151l, valamint \u00fajs\u00e1gokb\u00f3l \u00e9s m\u00e1s nyomtatott sajt\u00f3term\u00e9kekb\u0151l sz\u00e1rmaz\u00f3 rekl\u00e1manyagok eg\u00e9sz\u00edtik ki \u2013 t\u00f6bbnyire szabadkai vonatkoz\u00e1sban.<\/p>\n\n\n\n<p>A Szabadkai V\u00e1rosi M\u00fazeum ez\u00faton is k\u00f6sz\u00f6netet mond mindazoknak, akik adom\u00e1nyaikkal hozz\u00e1j\u00e1rultak a m\u00fazeumi gy\u0171jtem\u00e9ny gyarap\u00edt\u00e1s\u00e1hoz. A m\u00fazeum a j\u00f6v\u0151ben is sz\u00edvesen fogad adom\u00e1nyoz\u00e1si javaslatokat, valamint az azokhoz kapcsol\u00f3d\u00f3 \u00e9rdekes t\u00f6rt\u00e9neteket \u2013 legyen sz\u00f3 a t\u00e1rgyak haszn\u00e1lat\u00e1r\u00f3l, beszerz\u00e9s\u00e9r\u0151l vagy jav\u00edt\u00e1s\u00e1r\u00f3l (telefon: 024 555 128).<\/p>\n\n\n\n<p>Fot\u00f3: Korhecz Zs, Lj. Vukovi\u0107 Duli\u0107, S. Aleksi\u0107<\/p>\n\n\n\n<figure class=\"wp-block-gallery has-nested-images columns-default is-cropped wp-block-gallery-1 is-layout-flex wp-block-gallery-is-layout-flex\">\n<figure class=\"wp-block-image size-large\"><img loading=\"lazy\" decoding=\"async\" width=\"963\" height=\"1024\" data-id=\"8175\" src=\"https:\/\/gradskimuzej.subotica.rs\/wp-content\/uploads\/2025\/12\/600347816_1199807588796487_4526029264050557767_n-1-963x1024.jpg\" alt=\"\" class=\"wp-image-8175\" srcset=\"https:\/\/gradskimuzej.subotica.rs\/wp-content\/uploads\/2025\/12\/600347816_1199807588796487_4526029264050557767_n-1-963x1024.jpg 963w, https:\/\/gradskimuzej.subotica.rs\/wp-content\/uploads\/2025\/12\/600347816_1199807588796487_4526029264050557767_n-1-470x500.jpg 470w, https:\/\/gradskimuzej.subotica.rs\/wp-content\/uploads\/2025\/12\/600347816_1199807588796487_4526029264050557767_n-1-282x300.jpg 282w, https:\/\/gradskimuzej.subotica.rs\/wp-content\/uploads\/2025\/12\/600347816_1199807588796487_4526029264050557767_n-1-768x817.jpg 768w, https:\/\/gradskimuzej.subotica.rs\/wp-content\/uploads\/2025\/12\/600347816_1199807588796487_4526029264050557767_n-1-1445x1536.jpg 1445w, https:\/\/gradskimuzej.subotica.rs\/wp-content\/uploads\/2025\/12\/600347816_1199807588796487_4526029264050557767_n-1.jpg 1536w\" sizes=\"(max-width: 963px) 100vw, 963px\" \/><\/figure>\n\n\n\n<figure class=\"wp-block-image size-large\"><img loading=\"lazy\" decoding=\"async\" width=\"1024\" height=\"683\" data-id=\"8176\" src=\"https:\/\/gradskimuzej.subotica.rs\/wp-content\/uploads\/2025\/12\/600254839_1199826968794549_94186494617121279_n-1-1024x683.jpg\" alt=\"\" class=\"wp-image-8176\" srcset=\"https:\/\/gradskimuzej.subotica.rs\/wp-content\/uploads\/2025\/12\/600254839_1199826968794549_94186494617121279_n-1-1024x683.jpg 1024w, https:\/\/gradskimuzej.subotica.rs\/wp-content\/uploads\/2025\/12\/600254839_1199826968794549_94186494617121279_n-1-750x500.jpg 750w, https:\/\/gradskimuzej.subotica.rs\/wp-content\/uploads\/2025\/12\/600254839_1199826968794549_94186494617121279_n-1-400x267.jpg 400w, https:\/\/gradskimuzej.subotica.rs\/wp-content\/uploads\/2025\/12\/600254839_1199826968794549_94186494617121279_n-1-768x512.jpg 768w, https:\/\/gradskimuzej.subotica.rs\/wp-content\/uploads\/2025\/12\/600254839_1199826968794549_94186494617121279_n-1-1536x1024.jpg 1536w, https:\/\/gradskimuzej.subotica.rs\/wp-content\/uploads\/2025\/12\/600254839_1199826968794549_94186494617121279_n-1.jpg 1741w\" sizes=\"(max-width: 1024px) 100vw, 1024px\" \/><\/figure>\n\n\n\n<figure class=\"wp-block-image size-large\"><img loading=\"lazy\" decoding=\"async\" width=\"1024\" height=\"683\" data-id=\"8177\" src=\"https:\/\/gradskimuzej.subotica.rs\/wp-content\/uploads\/2025\/12\/600297788_1199807145463198_5299441439371827147_n-1-1024x683.jpg\" alt=\"\" class=\"wp-image-8177\" srcset=\"https:\/\/gradskimuzej.subotica.rs\/wp-content\/uploads\/2025\/12\/600297788_1199807145463198_5299441439371827147_n-1-1024x683.jpg 1024w, https:\/\/gradskimuzej.subotica.rs\/wp-content\/uploads\/2025\/12\/600297788_1199807145463198_5299441439371827147_n-1-750x500.jpg 750w, https:\/\/gradskimuzej.subotica.rs\/wp-content\/uploads\/2025\/12\/600297788_1199807145463198_5299441439371827147_n-1-400x267.jpg 400w, https:\/\/gradskimuzej.subotica.rs\/wp-content\/uploads\/2025\/12\/600297788_1199807145463198_5299441439371827147_n-1-768x512.jpg 768w, https:\/\/gradskimuzej.subotica.rs\/wp-content\/uploads\/2025\/12\/600297788_1199807145463198_5299441439371827147_n-1-1536x1024.jpg 1536w, https:\/\/gradskimuzej.subotica.rs\/wp-content\/uploads\/2025\/12\/600297788_1199807145463198_5299441439371827147_n-1.jpg 1741w\" sizes=\"(max-width: 1024px) 100vw, 1024px\" \/><\/figure>\n\n\n\n<figure class=\"wp-block-image size-large\"><img loading=\"lazy\" decoding=\"async\" width=\"968\" height=\"829\" data-id=\"8178\" src=\"https:\/\/gradskimuzej.subotica.rs\/wp-content\/uploads\/2025\/12\/600511555_1199807485463164_274468490552902803_n-1.jpg\" alt=\"\" class=\"wp-image-8178\" srcset=\"https:\/\/gradskimuzej.subotica.rs\/wp-content\/uploads\/2025\/12\/600511555_1199807485463164_274468490552902803_n-1.jpg 968w, https:\/\/gradskimuzej.subotica.rs\/wp-content\/uploads\/2025\/12\/600511555_1199807485463164_274468490552902803_n-1-584x500.jpg 584w, https:\/\/gradskimuzej.subotica.rs\/wp-content\/uploads\/2025\/12\/600511555_1199807485463164_274468490552902803_n-1-350x300.jpg 350w, https:\/\/gradskimuzej.subotica.rs\/wp-content\/uploads\/2025\/12\/600511555_1199807485463164_274468490552902803_n-1-768x658.jpg 768w\" sizes=\"(max-width: 968px) 100vw, 968px\" \/><\/figure>\n\n\n\n<figure class=\"wp-block-image size-large\"><img loading=\"lazy\" decoding=\"async\" width=\"768\" height=\"1024\" data-id=\"8179\" src=\"https:\/\/gradskimuzej.subotica.rs\/wp-content\/uploads\/2025\/12\/598142831_1199807568796489_2612324212147586388_n-1-768x1024.jpg\" alt=\"\" class=\"wp-image-8179\" srcset=\"https:\/\/gradskimuzej.subotica.rs\/wp-content\/uploads\/2025\/12\/598142831_1199807568796489_2612324212147586388_n-1-768x1024.jpg 768w, https:\/\/gradskimuzej.subotica.rs\/wp-content\/uploads\/2025\/12\/598142831_1199807568796489_2612324212147586388_n-1-375x500.jpg 375w, https:\/\/gradskimuzej.subotica.rs\/wp-content\/uploads\/2025\/12\/598142831_1199807568796489_2612324212147586388_n-1-225x300.jpg 225w, https:\/\/gradskimuzej.subotica.rs\/wp-content\/uploads\/2025\/12\/598142831_1199807568796489_2612324212147586388_n-1-1152x1536.jpg 1152w, https:\/\/gradskimuzej.subotica.rs\/wp-content\/uploads\/2025\/12\/598142831_1199807568796489_2612324212147586388_n-1.jpg 1536w\" sizes=\"(max-width: 768px) 100vw, 768px\" \/><\/figure>\n\n\n\n<figure class=\"wp-block-image size-large\"><img loading=\"lazy\" decoding=\"async\" width=\"883\" height=\"1024\" data-id=\"8180\" src=\"https:\/\/gradskimuzej.subotica.rs\/wp-content\/uploads\/2025\/12\/598843688_1199807142129865_742937098313472078_n-1-883x1024.jpg\" alt=\"\" class=\"wp-image-8180\" srcset=\"https:\/\/gradskimuzej.subotica.rs\/wp-content\/uploads\/2025\/12\/598843688_1199807142129865_742937098313472078_n-1-883x1024.jpg 883w, https:\/\/gradskimuzej.subotica.rs\/wp-content\/uploads\/2025\/12\/598843688_1199807142129865_742937098313472078_n-1-431x500.jpg 431w, https:\/\/gradskimuzej.subotica.rs\/wp-content\/uploads\/2025\/12\/598843688_1199807142129865_742937098313472078_n-1-259x300.jpg 259w, https:\/\/gradskimuzej.subotica.rs\/wp-content\/uploads\/2025\/12\/598843688_1199807142129865_742937098313472078_n-1-768x890.jpg 768w, https:\/\/gradskimuzej.subotica.rs\/wp-content\/uploads\/2025\/12\/598843688_1199807142129865_742937098313472078_n-1.jpg 1150w\" sizes=\"(max-width: 883px) 100vw, 883px\" \/><\/figure>\n\n\n\n<figure class=\"wp-block-image size-large\"><img loading=\"lazy\" decoding=\"async\" width=\"479\" height=\"1024\" data-id=\"8181\" src=\"https:\/\/gradskimuzej.subotica.rs\/wp-content\/uploads\/2025\/12\/598967679_1199807242129855_8896083940656599858_n-1-479x1024.jpg\" alt=\"\" class=\"wp-image-8181\" srcset=\"https:\/\/gradskimuzej.subotica.rs\/wp-content\/uploads\/2025\/12\/598967679_1199807242129855_8896083940656599858_n-1-479x1024.jpg 479w, https:\/\/gradskimuzej.subotica.rs\/wp-content\/uploads\/2025\/12\/598967679_1199807242129855_8896083940656599858_n-1-234x500.jpg 234w, https:\/\/gradskimuzej.subotica.rs\/wp-content\/uploads\/2025\/12\/598967679_1199807242129855_8896083940656599858_n-1-140x300.jpg 140w, https:\/\/gradskimuzej.subotica.rs\/wp-content\/uploads\/2025\/12\/598967679_1199807242129855_8896083940656599858_n-1-768x1642.jpg 768w, https:\/\/gradskimuzej.subotica.rs\/wp-content\/uploads\/2025\/12\/598967679_1199807242129855_8896083940656599858_n-1-719x1536.jpg 719w, https:\/\/gradskimuzej.subotica.rs\/wp-content\/uploads\/2025\/12\/598967679_1199807242129855_8896083940656599858_n-1.jpg 958w\" sizes=\"(max-width: 479px) 100vw, 479px\" \/><\/figure>\n\n\n\n<figure class=\"wp-block-image size-large\"><img loading=\"lazy\" decoding=\"async\" width=\"1024\" height=\"745\" data-id=\"8182\" src=\"https:\/\/gradskimuzej.subotica.rs\/wp-content\/uploads\/2025\/12\/598845596_1199807325463180_6128301857616804349_n-1-1024x745.jpg\" alt=\"\" class=\"wp-image-8182\" srcset=\"https:\/\/gradskimuzej.subotica.rs\/wp-content\/uploads\/2025\/12\/598845596_1199807325463180_6128301857616804349_n-1-1024x745.jpg 1024w, https:\/\/gradskimuzej.subotica.rs\/wp-content\/uploads\/2025\/12\/598845596_1199807325463180_6128301857616804349_n-1-688x500.jpg 688w, https:\/\/gradskimuzej.subotica.rs\/wp-content\/uploads\/2025\/12\/598845596_1199807325463180_6128301857616804349_n-1-400x291.jpg 400w, https:\/\/gradskimuzej.subotica.rs\/wp-content\/uploads\/2025\/12\/598845596_1199807325463180_6128301857616804349_n-1-768x558.jpg 768w, https:\/\/gradskimuzej.subotica.rs\/wp-content\/uploads\/2025\/12\/598845596_1199807325463180_6128301857616804349_n-1.jpg 1499w\" sizes=\"(max-width: 1024px) 100vw, 1024px\" \/><\/figure>\n\n\n\n<figure class=\"wp-block-image size-large\"><img loading=\"lazy\" decoding=\"async\" width=\"768\" height=\"1024\" data-id=\"8183\" src=\"https:\/\/gradskimuzej.subotica.rs\/wp-content\/uploads\/2025\/12\/600953084_1199807688796477_8154677983817114262_n-1-768x1024.jpg\" alt=\"\" class=\"wp-image-8183\" srcset=\"https:\/\/gradskimuzej.subotica.rs\/wp-content\/uploads\/2025\/12\/600953084_1199807688796477_8154677983817114262_n-1-768x1024.jpg 768w, https:\/\/gradskimuzej.subotica.rs\/wp-content\/uploads\/2025\/12\/600953084_1199807688796477_8154677983817114262_n-1-375x500.jpg 375w, https:\/\/gradskimuzej.subotica.rs\/wp-content\/uploads\/2025\/12\/600953084_1199807688796477_8154677983817114262_n-1-225x300.jpg 225w, https:\/\/gradskimuzej.subotica.rs\/wp-content\/uploads\/2025\/12\/600953084_1199807688796477_8154677983817114262_n-1-1152x1536.jpg 1152w, https:\/\/gradskimuzej.subotica.rs\/wp-content\/uploads\/2025\/12\/600953084_1199807688796477_8154677983817114262_n-1.jpg 1536w\" sizes=\"(max-width: 768px) 100vw, 768px\" \/><\/figure>\n<\/figure>\n","protected":false},"excerpt":{"rendered":"<p>Megnyit\u00f3:&nbsp;&nbsp;2025. december 17., 18 \u00f3raHelysz\u00edn:&nbsp;f\u00f6ldszinti ki\u00e1ll\u00edt\u00f3teremA ki\u00e1ll\u00edt\u00e1s&nbsp;szerz\u0151je: Kubicskovics \u00c1kosA ki\u00e1ll\u00edt\u00e1s 2026. m\u00e1jus 18-ig l\u00e1togathat\u00f3. A Szabadkai V\u00e1rosi M\u00fazeumban 2025. december 17-\u00e9n megnyitott\u00e1k A Szabadkai V\u00e1rosi M\u00fazeum M\u0171szaki gy\u0171jtem\u00e9nye c\u00edm\u0171 tematikus ki\u00e1ll\u00edt\u00e1st. A ki\u00e1ll\u00edt\u00e1st Zoran Levi\u0107, a Belgr\u00e1di M\u0171szaki \u00e9s Tudom\u00e1nyos M\u00fazeum igazgat\u00f3ja \u00e9s a ki\u00e1ll\u00edt\u00e1s szakmai mentora nyitotta meg. A ki\u00e1ll\u00edt\u00e1s szerz\u0151je Kubicskovics \u00c1kos, a [&hellip;]<\/p>\n","protected":false},"author":2,"featured_media":8162,"comment_status":"open","ping_status":"closed","sticky":false,"template":"","format":"standard","meta":{"footnotes":""},"categories":[1,29],"tags":[31],"_links":{"self":[{"href":"https:\/\/gradskimuzej.subotica.rs\/index.php?rest_route=\/wp\/v2\/posts\/8160"}],"collection":[{"href":"https:\/\/gradskimuzej.subotica.rs\/index.php?rest_route=\/wp\/v2\/posts"}],"about":[{"href":"https:\/\/gradskimuzej.subotica.rs\/index.php?rest_route=\/wp\/v2\/types\/post"}],"author":[{"embeddable":true,"href":"https:\/\/gradskimuzej.subotica.rs\/index.php?rest_route=\/wp\/v2\/users\/2"}],"replies":[{"embeddable":true,"href":"https:\/\/gradskimuzej.subotica.rs\/index.php?rest_route=%2Fwp%2Fv2%2Fcomments&post=8160"}],"version-history":[{"count":2,"href":"https:\/\/gradskimuzej.subotica.rs\/index.php?rest_route=\/wp\/v2\/posts\/8160\/revisions"}],"predecessor-version":[{"id":8185,"href":"https:\/\/gradskimuzej.subotica.rs\/index.php?rest_route=\/wp\/v2\/posts\/8160\/revisions\/8185"}],"wp:featuredmedia":[{"embeddable":true,"href":"https:\/\/gradskimuzej.subotica.rs\/index.php?rest_route=\/wp\/v2\/media\/8162"}],"wp:attachment":[{"href":"https:\/\/gradskimuzej.subotica.rs\/index.php?rest_route=%2Fwp%2Fv2%2Fmedia&parent=8160"}],"wp:term":[{"taxonomy":"category","embeddable":true,"href":"https:\/\/gradskimuzej.subotica.rs\/index.php?rest_route=%2Fwp%2Fv2%2Fcategories&post=8160"},{"taxonomy":"post_tag","embeddable":true,"href":"https:\/\/gradskimuzej.subotica.rs\/index.php?rest_route=%2Fwp%2Fv2%2Ftags&post=8160"}],"curies":[{"name":"wp","href":"https:\/\/api.w.org\/{rel}","templated":true}]}}