{"id":7935,"date":"2025-08-26T12:53:42","date_gmt":"2025-08-26T10:53:42","guid":{"rendered":"https:\/\/gradskimuzej.subotica.rs\/?p=7935"},"modified":"2025-09-12T08:19:12","modified_gmt":"2025-09-12T06:19:12","slug":"az-elet-es-halal-kore","status":"publish","type":"post","link":"https:\/\/gradskimuzej.subotica.rs\/?p=7935&lang=hu","title":{"rendered":"Az \u00e9let \u00e9s hal\u00e1l k\u00f6re"},"content":{"rendered":"\n<p><strong>Megnyit\u00f3:\u00a0<\/strong>\u00a02025. augusztus 28., 18 \u00f3ra<br><strong>Helysz\u00edn:\u00a0<\/strong>f\u00f6ldszinti ki\u00e1ll\u00edt\u00f3terem<br><strong>A ki\u00e1ll\u00edt\u00e1s\u00a0szerz\u0151i:<\/strong> Uzelac Vikt\u00f3ria \u00e9s An\u0111elka Putica, Zombori V\u00e1rosi M\u00fazeum<br>A ki\u00e1ll\u00edt\u00e1s 2025. okt\u00f3ber 10-ig tekinthet\u0151 meg.<\/p>\n\n\n\n<p>Szeretettel h\u00edvunk minden \u00e9rdekl\u0151d\u0151t a Zombori V\u00e1rosi M\u00fazeum k\u00e9t r\u00e9g\u00e9szeti ki\u00e1ll\u00edt\u00e1s\u00e1nak megnyit\u00f3j\u00e1ra, amelyeket <br><em>Az \u00e9let \u00e9s hal\u00e1l k\u00f6re<\/em> <br>egyes\u00edtett c\u00edm alatt mutatunk be 2025. augusztus 28-\u00e1n, cs\u00fct\u00f6rt\u00f6k\u00f6n, 18 \u00f3rai kezdettel (Szabadka, Zsinag\u00f3ga t\u00e9r 3.).<\/p>\n\n\n\n<p>A t\u00e1rlat egyik r\u00e9sz\u00e9ben, amely <em>Az \u00e9let \u00e9s hal\u00e1l k\u00f6re \u2013 gy\u0171r\u0171k a Zombori V\u00e1rosi M\u00fazeum k\u00f6z\u00e9pkori r\u00e9g\u00e9szeti gy\u0171jtem\u00e9ny\u00e9b\u0151l<\/em> c\u00edmet viseli, els\u0151 alkalommal ker\u00fcl bemutat\u00e1sra a k\u00f6z\u00e9pkori \u00e9kszergy\u0171jtem\u00e9ny teljes, rendszerezett gy\u0171r\u0171kollekci\u00f3ja. A ki\u00e1ll\u00edt\u00e1s m\u00e1sik r\u00e9sz\u00e9ben <em>Az \u00e9let \u00e9s hal\u00e1l k\u00f6re \u2013 elemz\u00e9sek m\u00e1s szemsz\u00f6gb\u0151l<\/em> c\u00edm\u0171 egys\u00e9g a temet\u0151kb\u0151l sz\u00e1rmaz\u00f3 leletek interdiszciplin\u00e1ris kutat\u00e1sainak \u00e9s elemz\u00e9seinek eredm\u00e9nyek\u00e9nt j\u00f6tt l\u00e9tre, \u00e9s c\u00e9lja, hogy bemutassa a Zombori V\u00e1rosi M\u00fazeum R\u00e9g\u00e9szeti Oszt\u00e1ly\u00e1nak elm\u00falt 20 \u00e9v sor\u00e1n v\u00e9gzett munk\u00e1j\u00e1val szerzett \u00faj ismereteket.<\/p>\n\n\n\n<p>Ezekkel a vend\u00e9gki\u00e1ll\u00edt\u00e1sokkal vesz\u00fcnk r\u00e9szt Szabadk\u00e1n a r\u00e9g\u00e9szeti \u00f6r\u00f6ks\u00e9g bemutat\u00e1s\u00e1ban a R\u00e9g\u00e9szet \u00c9ve 2025 rendezv\u00e9nysorozat programj\u00e1nak keret\u00e9ben.<\/p>\n\n\n\n<p><\/p>\n","protected":false},"excerpt":{"rendered":"<p>Megnyit\u00f3:\u00a0\u00a02025. augusztus 28., 18 \u00f3raHelysz\u00edn:\u00a0f\u00f6ldszinti ki\u00e1ll\u00edt\u00f3teremA ki\u00e1ll\u00edt\u00e1s\u00a0szerz\u0151i: Uzelac Vikt\u00f3ria \u00e9s An\u0111elka Putica, Zombori V\u00e1rosi M\u00fazeumA ki\u00e1ll\u00edt\u00e1s 2025. okt\u00f3ber 10-ig tekinthet\u0151 meg. Szeretettel h\u00edvunk minden \u00e9rdekl\u0151d\u0151t a Zombori V\u00e1rosi M\u00fazeum k\u00e9t r\u00e9g\u00e9szeti ki\u00e1ll\u00edt\u00e1s\u00e1nak megnyit\u00f3j\u00e1ra, amelyeket Az \u00e9let \u00e9s hal\u00e1l k\u00f6re egyes\u00edtett c\u00edm alatt mutatunk be 2025. augusztus 28-\u00e1n, cs\u00fct\u00f6rt\u00f6k\u00f6n, 18 \u00f3rai kezdettel (Szabadka, Zsinag\u00f3ga t\u00e9r 3.). [&hellip;]<\/p>\n","protected":false},"author":2,"featured_media":7944,"comment_status":"open","ping_status":"closed","sticky":false,"template":"","format":"standard","meta":{"footnotes":""},"categories":[1,29],"tags":[63],"_links":{"self":[{"href":"https:\/\/gradskimuzej.subotica.rs\/index.php?rest_route=\/wp\/v2\/posts\/7935"}],"collection":[{"href":"https:\/\/gradskimuzej.subotica.rs\/index.php?rest_route=\/wp\/v2\/posts"}],"about":[{"href":"https:\/\/gradskimuzej.subotica.rs\/index.php?rest_route=\/wp\/v2\/types\/post"}],"author":[{"embeddable":true,"href":"https:\/\/gradskimuzej.subotica.rs\/index.php?rest_route=\/wp\/v2\/users\/2"}],"replies":[{"embeddable":true,"href":"https:\/\/gradskimuzej.subotica.rs\/index.php?rest_route=%2Fwp%2Fv2%2Fcomments&post=7935"}],"version-history":[{"count":2,"href":"https:\/\/gradskimuzej.subotica.rs\/index.php?rest_route=\/wp\/v2\/posts\/7935\/revisions"}],"predecessor-version":[{"id":7947,"href":"https:\/\/gradskimuzej.subotica.rs\/index.php?rest_route=\/wp\/v2\/posts\/7935\/revisions\/7947"}],"wp:featuredmedia":[{"embeddable":true,"href":"https:\/\/gradskimuzej.subotica.rs\/index.php?rest_route=\/wp\/v2\/media\/7944"}],"wp:attachment":[{"href":"https:\/\/gradskimuzej.subotica.rs\/index.php?rest_route=%2Fwp%2Fv2%2Fmedia&parent=7935"}],"wp:term":[{"taxonomy":"category","embeddable":true,"href":"https:\/\/gradskimuzej.subotica.rs\/index.php?rest_route=%2Fwp%2Fv2%2Fcategories&post=7935"},{"taxonomy":"post_tag","embeddable":true,"href":"https:\/\/gradskimuzej.subotica.rs\/index.php?rest_route=%2Fwp%2Fv2%2Ftags&post=7935"}],"curies":[{"name":"wp","href":"https:\/\/api.w.org\/{rel}","templated":true}]}}