{"id":7801,"date":"2025-05-07T11:07:40","date_gmt":"2025-05-07T09:07:40","guid":{"rendered":"https:\/\/gradskimuzej.subotica.rs\/?p=7801"},"modified":"2025-05-07T11:08:59","modified_gmt":"2025-05-07T09:08:59","slug":"maganugybol-kozugy-a-modernizmus-muveszete-bajan","status":"publish","type":"post","link":"https:\/\/gradskimuzej.subotica.rs\/?p=7801&lang=hu","title":{"rendered":"Mag\u00e1n\u00fcgyb\u0151l k\u00f6z\u00fcgy \u2013 A modernizmus m\u0171v\u00e9szete Baj\u00e1n"},"content":{"rendered":"\n<p>Szeretettel megh\u00edvjuk \u00d6nt a <\/p>\n\n\n\n<p><strong>MAG\u00c1N\u00dcGYB\u0150L K\u00d6Z\u00dcGY<br>A modernizmus m\u0171v\u00e9szete Baj\u00e1n<\/strong><\/p>\n\n\n\n<p>c\u00edm\u0171 ki\u00e1ll\u00edt\u00e1s megnyit\u00f3j\u00e1ra, amelyre 2025. m\u00e1jus 13-\u00e1n (kedden) ker\u00fcl sor 12 \u00f3rai kezdettel a Szabadkai V\u00e1rosi M\u00fazeumban.<\/p>\n\n\n\n<p>A t\u00e1rlatot Kov\u00e1cs Zita m\u0171v\u00e9szett\u00f6rt\u00e9n\u00e9sz, a t\u00e1rlat kur\u00e1tora \u00e9s a bajai T\u00fcrr Istv\u00e1n M\u00fazeum igazgat\u00f3ja nyitja meg.<\/p>\n\n\n\n<p>A ki\u00e1ll\u00edt\u00e1s a <em>Modernizmus a B\u00e1csk\u00e1ban<\/em>\u00a0 \u2013 Timsum2 IPA hat\u00e1ron \u00e1tny\u00fal\u00f3 egy\u00fcttm\u0171k\u00f6d\u00e9si projekt ki\u00e1ll\u00edt\u00e1ssorozat\u00e1nak els\u0151 t\u00e1rlata. Szakmai t\u00e1rlatvezet\u00e9sre v\u00e1rhat\u00f3an m\u00e1jus 28-\u00e1n ker\u00fcl sor.<\/p>\n","protected":false},"excerpt":{"rendered":"<p>Szeretettel megh\u00edvjuk \u00d6nt a MAG\u00c1N\u00dcGYB\u0150L K\u00d6Z\u00dcGYA modernizmus m\u0171v\u00e9szete Baj\u00e1n c\u00edm\u0171 ki\u00e1ll\u00edt\u00e1s megnyit\u00f3j\u00e1ra, amelyre 2025. m\u00e1jus 13-\u00e1n (kedden) ker\u00fcl sor 12 \u00f3rai kezdettel a Szabadkai V\u00e1rosi M\u00fazeumban. A t\u00e1rlatot Kov\u00e1cs Zita m\u0171v\u00e9szett\u00f6rt\u00e9n\u00e9sz, a t\u00e1rlat kur\u00e1tora \u00e9s a bajai T\u00fcrr Istv\u00e1n M\u00fazeum igazgat\u00f3ja nyitja meg. A ki\u00e1ll\u00edt\u00e1s a Modernizmus a B\u00e1csk\u00e1ban\u00a0 \u2013 Timsum2 IPA hat\u00e1ron \u00e1tny\u00fal\u00f3 egy\u00fcttm\u0171k\u00f6d\u00e9si [&hellip;]<\/p>\n","protected":false},"author":2,"featured_media":7802,"comment_status":"open","ping_status":"closed","sticky":false,"template":"","format":"standard","meta":{"footnotes":""},"categories":[1,29],"tags":[63],"_links":{"self":[{"href":"https:\/\/gradskimuzej.subotica.rs\/index.php?rest_route=\/wp\/v2\/posts\/7801"}],"collection":[{"href":"https:\/\/gradskimuzej.subotica.rs\/index.php?rest_route=\/wp\/v2\/posts"}],"about":[{"href":"https:\/\/gradskimuzej.subotica.rs\/index.php?rest_route=\/wp\/v2\/types\/post"}],"author":[{"embeddable":true,"href":"https:\/\/gradskimuzej.subotica.rs\/index.php?rest_route=\/wp\/v2\/users\/2"}],"replies":[{"embeddable":true,"href":"https:\/\/gradskimuzej.subotica.rs\/index.php?rest_route=%2Fwp%2Fv2%2Fcomments&post=7801"}],"version-history":[{"count":1,"href":"https:\/\/gradskimuzej.subotica.rs\/index.php?rest_route=\/wp\/v2\/posts\/7801\/revisions"}],"predecessor-version":[{"id":7803,"href":"https:\/\/gradskimuzej.subotica.rs\/index.php?rest_route=\/wp\/v2\/posts\/7801\/revisions\/7803"}],"wp:featuredmedia":[{"embeddable":true,"href":"https:\/\/gradskimuzej.subotica.rs\/index.php?rest_route=\/wp\/v2\/media\/7802"}],"wp:attachment":[{"href":"https:\/\/gradskimuzej.subotica.rs\/index.php?rest_route=%2Fwp%2Fv2%2Fmedia&parent=7801"}],"wp:term":[{"taxonomy":"category","embeddable":true,"href":"https:\/\/gradskimuzej.subotica.rs\/index.php?rest_route=%2Fwp%2Fv2%2Fcategories&post=7801"},{"taxonomy":"post_tag","embeddable":true,"href":"https:\/\/gradskimuzej.subotica.rs\/index.php?rest_route=%2Fwp%2Fv2%2Ftags&post=7801"}],"curies":[{"name":"wp","href":"https:\/\/api.w.org\/{rel}","templated":true}]}}