{"id":7646,"date":"2024-11-08T12:59:41","date_gmt":"2024-11-08T11:59:41","guid":{"rendered":"https:\/\/gradskimuzej.subotica.rs\/?p=7646"},"modified":"2024-11-08T13:04:09","modified_gmt":"2024-11-08T12:04:09","slug":"tajkepek-arckepek-es-allatabrazolasok","status":"publish","type":"post","link":"https:\/\/gradskimuzej.subotica.rs\/?p=7646&lang=hu","title":{"rendered":"T\u00e1jk\u00e9pek, arck\u00e9pek \u00e9s \u00e1llat\u00e1br\u00e1zol\u00e1sok"},"content":{"rendered":"\n<p><strong>Megnyit\u00f3:\u00a0<\/strong>2024. november 14., 17 \u00f3ra<br><strong>Helysz\u00edn:\u00a0<\/strong>Vajdas\u00e1gi Magyar K\u00e9pt\u00e1r<br><strong>A ki\u00e1ll\u00edt\u00e1s\u00a0szerz\u0151i:<\/strong> dr. Ninkov K. Olga, Ljubica Vukovi\u0107 Duli\u0107<\/p>\n\n\n\n<p>Szeretettel megh\u00edvjuk Husv\u00e9th Lajos (1894\u20131956) fest\u0151m\u0171v\u00e9sz \u00e9s Alm\u00e1si G\u00e1bor (1911\u20131994) szobr\u00e1szm\u0171v\u00e9sz <em>T\u00e1jk\u00e9pek, arck\u00e9pek \u00e9s \u00e1llat\u00e1br\u00e1zol\u00e1sok<\/em> c\u00edm\u0171 ki\u00e1ll\u00edt\u00e1s megnyit\u00f3j\u00e1ra, amelyre<br>2024. november 14-\u00e9n 17 \u00f3rai kezdettel ker\u00fcl sor a Vajdas\u00e1gi Magyar K\u00e9pt\u00e1rban (Szabadkai V\u00e1rosi M\u00fazeum, Zsinag\u00f3ga t\u00e9r 3).<\/p>\n\n\n\n<p>A vend\u00e9geket k\u00f6sz\u00f6nti: dr. Ninkov K. Olga, m\u0171v\u00e9szett\u00f6rt\u00e9n\u00e9sz, megb\u00edzott igazgat\u00f3. <br>A t\u00e1mogat\u00f3k nev\u00e9ben Kudlik Zolt\u00e1n, a M\u0171vel\u0151d\u00e9si, T\u00f6megt\u00e1j\u00e9koztat\u00e1si \u00e9s Vall\u00e1si k\u00f6z\u00f6ss\u00e9gi titk\u00e1rs\u00e1g seg\u00e9dtitk\u00e1ra, a t\u00e1rlatrendez\u0151k nev\u00e9ben Ljubica Vukovi\u0107 Duli\u0107 m\u0171v\u00e9szett\u00f6rt\u00e9n\u00e9sz\u2013f\u0151muzeol\u00f3gus besz\u00e9l.<br>A t\u00e1rlatot dr. Baranyi Anna m\u0171v\u00e9szett\u00f6rt\u00e9n\u00e9sz nyitja meg.<br>Fell\u00e9pnek a Szabadkai Zeneiskolai hallgat\u00f3i.<\/p>\n","protected":false},"excerpt":{"rendered":"<p>Megnyit\u00f3:\u00a02024. november 14., 17 \u00f3raHelysz\u00edn:\u00a0Vajdas\u00e1gi Magyar K\u00e9pt\u00e1rA ki\u00e1ll\u00edt\u00e1s\u00a0szerz\u0151i: dr. Ninkov K. Olga, Ljubica Vukovi\u0107 Duli\u0107 Szeretettel megh\u00edvjuk Husv\u00e9th Lajos (1894\u20131956) fest\u0151m\u0171v\u00e9sz \u00e9s Alm\u00e1si G\u00e1bor (1911\u20131994) szobr\u00e1szm\u0171v\u00e9sz T\u00e1jk\u00e9pek, arck\u00e9pek \u00e9s \u00e1llat\u00e1br\u00e1zol\u00e1sok c\u00edm\u0171 ki\u00e1ll\u00edt\u00e1s megnyit\u00f3j\u00e1ra, amelyre2024. november 14-\u00e9n 17 \u00f3rai kezdettel ker\u00fcl sor a Vajdas\u00e1gi Magyar K\u00e9pt\u00e1rban (Szabadkai V\u00e1rosi M\u00fazeum, Zsinag\u00f3ga t\u00e9r 3). A vend\u00e9geket k\u00f6sz\u00f6nti: dr. [&hellip;]<\/p>\n","protected":false},"author":2,"featured_media":7647,"comment_status":"open","ping_status":"closed","sticky":false,"template":"","format":"standard","meta":{"footnotes":""},"categories":[1,29],"tags":[31],"_links":{"self":[{"href":"https:\/\/gradskimuzej.subotica.rs\/index.php?rest_route=\/wp\/v2\/posts\/7646"}],"collection":[{"href":"https:\/\/gradskimuzej.subotica.rs\/index.php?rest_route=\/wp\/v2\/posts"}],"about":[{"href":"https:\/\/gradskimuzej.subotica.rs\/index.php?rest_route=\/wp\/v2\/types\/post"}],"author":[{"embeddable":true,"href":"https:\/\/gradskimuzej.subotica.rs\/index.php?rest_route=\/wp\/v2\/users\/2"}],"replies":[{"embeddable":true,"href":"https:\/\/gradskimuzej.subotica.rs\/index.php?rest_route=%2Fwp%2Fv2%2Fcomments&post=7646"}],"version-history":[{"count":1,"href":"https:\/\/gradskimuzej.subotica.rs\/index.php?rest_route=\/wp\/v2\/posts\/7646\/revisions"}],"predecessor-version":[{"id":7648,"href":"https:\/\/gradskimuzej.subotica.rs\/index.php?rest_route=\/wp\/v2\/posts\/7646\/revisions\/7648"}],"wp:featuredmedia":[{"embeddable":true,"href":"https:\/\/gradskimuzej.subotica.rs\/index.php?rest_route=\/wp\/v2\/media\/7647"}],"wp:attachment":[{"href":"https:\/\/gradskimuzej.subotica.rs\/index.php?rest_route=%2Fwp%2Fv2%2Fmedia&parent=7646"}],"wp:term":[{"taxonomy":"category","embeddable":true,"href":"https:\/\/gradskimuzej.subotica.rs\/index.php?rest_route=%2Fwp%2Fv2%2Fcategories&post=7646"},{"taxonomy":"post_tag","embeddable":true,"href":"https:\/\/gradskimuzej.subotica.rs\/index.php?rest_route=%2Fwp%2Fv2%2Ftags&post=7646"}],"curies":[{"name":"wp","href":"https:\/\/api.w.org\/{rel}","templated":true}]}}