{"id":7591,"date":"2024-10-21T11:57:42","date_gmt":"2024-10-21T09:57:42","guid":{"rendered":"https:\/\/gradskimuzej.subotica.rs\/?p=7591"},"modified":"2024-10-21T12:20:02","modified_gmt":"2024-10-21T10:20:02","slug":"osam-decenija-od-sekeljevog-uspona-na-akonkagvu","status":"publish","type":"post","link":"https:\/\/gradskimuzej.subotica.rs\/?p=7591&lang=sr","title":{"rendered":"Osam decenija od Sekeljevog uspona na Akonkagvu"},"content":{"rendered":"\n<p>Dru\u0161tvo za esperanto \u201eTibor Sekelj\u201c iz Subotice i Gradski muzej Subotica srda\u010dno Vas pozivaju na susret povodom 80 godina od osvajanja Akonkagve i prvog izdanja knjige Tibora Sekelja <em>Oluja na Akonkagvi<\/em>, koji \u0107e se odr\u017eati 25. oktobra 2024. godine, sa po\u010detkom u 18 \u010dasova, u Gradskom muzeju Subotica.<\/p>\n\n\n\n<p><strong>Program:<\/strong><\/p>\n\n\n\n<ul>\n<li>Iso Plani\u0107: Tibor Sekelj: putopisac i planinar<\/li>\n\n\n\n<li>Ljudi! (pesma Tibora Sekelja, u prevodu \u0110or\u0111a Dragojlovi\u0107a)<\/li>\n\n\n\n<li>Juraj Bubalo: <em>Oluja na Akonkagvi <\/em>i razvoj hrvatskog i jugoslovenskog planinarstva \u2013 prilog istra\u017eivanju<\/li>\n\n\n\n<li>Emberek! (pesma Tibora Sekelja, u prevodu Ile\u0161a Fehera)<\/li>\n\n\n\n<li>Stipan Milodanovi\u0107: Kako pre\u017eiveti putevima Tibora Sekelja<\/li>\n\n\n\n<li>Homojn! (pesma Tibora Sekelja, original na esperantu)<\/li>\n\n\n\n<li>Aranka Laslo: Kako nau\u010diti esperanto u Srbiji danas \u2013 Tibor nas i ljude u svetu neprekidno inspiri\u0161e<\/li>\n\n\n\n<li>\u0110or\u0111e Dragojlovi\u0107: Deset jaha\u010da Akonkagve<br><\/li>\n<\/ul>\n\n\n\n<p>Voditelj programa: Jano\u0161 Nemet<br>Srda\u010dno o\u010dekujemo sve zainteresovane!<\/p>\n","protected":false},"excerpt":{"rendered":"<p>Dru\u0161tvo za esperanto \u201eTibor Sekelj\u201c iz Subotice i Gradski muzej Subotica srda\u010dno Vas pozivaju na susret povodom 80 godina od osvajanja Akonkagve i prvog izdanja knjige Tibora Sekelja Oluja na Akonkagvi, koji \u0107e se odr\u017eati 25. oktobra 2024. godine, sa po\u010detkom u 18 \u010dasova, u Gradskom muzeju Subotica. Program: Voditelj programa: Jano\u0161 NemetSrda\u010dno o\u010dekujemo sve [&hellip;]<\/p>\n","protected":false},"author":2,"featured_media":7593,"comment_status":"open","ping_status":"closed","sticky":false,"template":"","format":"standard","meta":{"footnotes":""},"categories":[13],"tags":[155],"_links":{"self":[{"href":"https:\/\/gradskimuzej.subotica.rs\/index.php?rest_route=\/wp\/v2\/posts\/7591"}],"collection":[{"href":"https:\/\/gradskimuzej.subotica.rs\/index.php?rest_route=\/wp\/v2\/posts"}],"about":[{"href":"https:\/\/gradskimuzej.subotica.rs\/index.php?rest_route=\/wp\/v2\/types\/post"}],"author":[{"embeddable":true,"href":"https:\/\/gradskimuzej.subotica.rs\/index.php?rest_route=\/wp\/v2\/users\/2"}],"replies":[{"embeddable":true,"href":"https:\/\/gradskimuzej.subotica.rs\/index.php?rest_route=%2Fwp%2Fv2%2Fcomments&post=7591"}],"version-history":[{"count":3,"href":"https:\/\/gradskimuzej.subotica.rs\/index.php?rest_route=\/wp\/v2\/posts\/7591\/revisions"}],"predecessor-version":[{"id":7598,"href":"https:\/\/gradskimuzej.subotica.rs\/index.php?rest_route=\/wp\/v2\/posts\/7591\/revisions\/7598"}],"wp:featuredmedia":[{"embeddable":true,"href":"https:\/\/gradskimuzej.subotica.rs\/index.php?rest_route=\/wp\/v2\/media\/7593"}],"wp:attachment":[{"href":"https:\/\/gradskimuzej.subotica.rs\/index.php?rest_route=%2Fwp%2Fv2%2Fmedia&parent=7591"}],"wp:term":[{"taxonomy":"category","embeddable":true,"href":"https:\/\/gradskimuzej.subotica.rs\/index.php?rest_route=%2Fwp%2Fv2%2Fcategories&post=7591"},{"taxonomy":"post_tag","embeddable":true,"href":"https:\/\/gradskimuzej.subotica.rs\/index.php?rest_route=%2Fwp%2Fv2%2Ftags&post=7591"}],"curies":[{"name":"wp","href":"https:\/\/api.w.org\/{rel}","templated":true}]}}