{"id":738,"date":"2018-05-15T22:12:32","date_gmt":"2018-05-15T20:12:32","guid":{"rendered":"https:\/\/gradskimuzej.subotica.rs\/?p=738"},"modified":"2019-03-28T21:57:17","modified_gmt":"2019-03-28T20:57:17","slug":"muzeumpedagogiai-foglalkozasok","status":"publish","type":"post","link":"https:\/\/gradskimuzej.subotica.rs\/?p=738&lang=hu","title":{"rendered":"M\u00fazeumpedag\u00f3giai foglalkoz\u00e1sok"},"content":{"rendered":"\n<p>A Falkoner ki\u00e1ll\u00edt\u00e1shoz egy nagym\u00e9ret\u0171, k\u00e9toldalas puzzle \u00e9s egy angyalk\u00e1s mem\u00f3riaj\u00e1t\u00e9k is k\u00e9sz\u00fclt, melyet sz\u0151nyegen, valamint asztalokon raktak ki a ki\u00e1ll\u00edt\u00e1st megtekint\u0151 gyermekek \u00e9s fiatalok. Az als\u00f3s koroszt\u00e1ly r\u00e9sz\u00e9re ikonogr\u00e1fi\u00e1s foglalkoz\u00e1sokat szervezt\u00fcnk, mely sor\u00e1n a gyerekek az el\u0151re elk\u00e9sz\u00edtett angyalk\u00e1s rajzokat azonos\u00edtott\u00e1k be, megkeresve \u0151ket a ki\u00e1ll\u00edtott k\u00e9peken.  <\/p>\n\n\n\n<p>Az id\u0151sebbek az \u00e9rint\u0151k\u00e9perny\u0151n a terepen tal\u00e1lhat\u00f3 Falkoner m\u0171veket \u00e9s a restaur\u00e1l\u00e1sok folyamat\u00e1t tekinthett\u00e9k meg. A k\u00e9pek melletti ikonogr\u00e1fi\u00e1s rajzokkal ell\u00e1tott feliratos t\u00e1bl\u00e1k a m\u0171vek tartalmi meg\u00e9rt\u00e9s\u00e9t seg\u00edtett\u00e9k.<\/p>\n\n\n\n<ul class=\"wp-block-gallery columns-3 is-cropped wp-block-gallery-1 is-layout-flex wp-block-gallery-is-layout-flex\"><li class=\"blocks-gallery-item\"><figure><img loading=\"lazy\" decoding=\"async\" width=\"1024\" height=\"682\" src=\"https:\/\/gradskimuzej.subotica.rs\/wp-content\/uploads\/2019\/03\/00-1024x682.png\" alt=\"\" data-id=\"739\" data-link=\"https:\/\/gradskimuzej.subotica.rs\/?attachment_id=739\"  class=\"wp-image-2065\" srcset=\"https:\/\/gradskimuzej.subotica.rs\/wp-content\/uploads\/2019\/03\/00-1024x682.png 1024w, https:\/\/gradskimuzej.subotica.rs\/wp-content\/uploads\/2019\/03\/00-400x267.png 400w, https:\/\/gradskimuzej.subotica.rs\/wp-content\/uploads\/2019\/03\/00-750x500.png 750w, https:\/\/gradskimuzej.subotica.rs\/wp-content\/uploads\/2019\/03\/00-768x512.png 768w, https:\/\/gradskimuzej.subotica.rs\/wp-content\/uploads\/2019\/03\/00.png 1139w\" sizes=\"(max-width: 1024px) 100vw, 1024px\" \/><\/figure><\/li><li class=\"blocks-gallery-item\"><figure><img loading=\"lazy\" decoding=\"async\" width=\"1024\" height=\"683\" src=\"https:\/\/gradskimuzej.subotica.rs\/wp-content\/uploads\/2019\/03\/01-3-1024x683.jpg\" alt=\"\" data-id=\"740\" data-link=\"https:\/\/gradskimuzej.subotica.rs\/?attachment_id=740\"  class=\"wp-image-2066\" srcset=\"https:\/\/gradskimuzej.subotica.rs\/wp-content\/uploads\/2019\/03\/01-3-1024x683.jpg 1024w, https:\/\/gradskimuzej.subotica.rs\/wp-content\/uploads\/2019\/03\/01-3-400x267.jpg 400w, https:\/\/gradskimuzej.subotica.rs\/wp-content\/uploads\/2019\/03\/01-3-750x500.jpg 750w, https:\/\/gradskimuzej.subotica.rs\/wp-content\/uploads\/2019\/03\/01-3-768x512.jpg 768w\" sizes=\"(max-width: 1024px) 100vw, 1024px\" \/><\/figure><\/li><li class=\"blocks-gallery-item\"><figure><img loading=\"lazy\" decoding=\"async\" width=\"1024\" height=\"725\" src=\"https:\/\/gradskimuzej.subotica.rs\/wp-content\/uploads\/2019\/03\/02-4-1024x725.jpg\" alt=\"\" data-id=\"741\" data-link=\"https:\/\/gradskimuzej.subotica.rs\/?attachment_id=741\"  class=\"wp-image-2067\" srcset=\"https:\/\/gradskimuzej.subotica.rs\/wp-content\/uploads\/2019\/03\/02-4-1024x725.jpg 1024w, https:\/\/gradskimuzej.subotica.rs\/wp-content\/uploads\/2019\/03\/02-4-400x283.jpg 400w, https:\/\/gradskimuzej.subotica.rs\/wp-content\/uploads\/2019\/03\/02-4-706x500.jpg 706w, https:\/\/gradskimuzej.subotica.rs\/wp-content\/uploads\/2019\/03\/02-4-768x544.jpg 768w, https:\/\/gradskimuzej.subotica.rs\/wp-content\/uploads\/2019\/03\/02-4.jpg 1698w\" sizes=\"(max-width: 1024px) 100vw, 1024px\" \/><\/figure><\/li><li class=\"blocks-gallery-item\"><figure><img loading=\"lazy\" decoding=\"async\" width=\"1024\" height=\"702\" src=\"https:\/\/gradskimuzej.subotica.rs\/wp-content\/uploads\/2019\/03\/03-4-1024x702.jpg\" alt=\"\" data-id=\"742\" data-link=\"https:\/\/gradskimuzej.subotica.rs\/?attachment_id=742\"  class=\"wp-image-2068\" srcset=\"https:\/\/gradskimuzej.subotica.rs\/wp-content\/uploads\/2019\/03\/03-4-1024x702.jpg 1024w, https:\/\/gradskimuzej.subotica.rs\/wp-content\/uploads\/2019\/03\/03-4-400x274.jpg 400w, https:\/\/gradskimuzej.subotica.rs\/wp-content\/uploads\/2019\/03\/03-4-729x500.jpg 729w, https:\/\/gradskimuzej.subotica.rs\/wp-content\/uploads\/2019\/03\/03-4-768x526.jpg 768w, https:\/\/gradskimuzej.subotica.rs\/wp-content\/uploads\/2019\/03\/03-4.jpg 1539w\" sizes=\"(max-width: 1024px) 100vw, 1024px\" \/><\/figure><\/li><li class=\"blocks-gallery-item\"><figure><img loading=\"lazy\" decoding=\"async\" width=\"1024\" height=\"682\" src=\"https:\/\/gradskimuzej.subotica.rs\/wp-content\/uploads\/2019\/03\/04-1024x682.png\" alt=\"\" data-id=\"743\" data-link=\"https:\/\/gradskimuzej.subotica.rs\/?attachment_id=743\"  class=\"wp-image-2069\" srcset=\"https:\/\/gradskimuzej.subotica.rs\/wp-content\/uploads\/2019\/03\/04-1024x682.png 1024w, https:\/\/gradskimuzej.subotica.rs\/wp-content\/uploads\/2019\/03\/04-400x267.png 400w, https:\/\/gradskimuzej.subotica.rs\/wp-content\/uploads\/2019\/03\/04-750x500.png 750w, https:\/\/gradskimuzej.subotica.rs\/wp-content\/uploads\/2019\/03\/04-768x512.png 768w, https:\/\/gradskimuzej.subotica.rs\/wp-content\/uploads\/2019\/03\/04.png 1139w\" sizes=\"(max-width: 1024px) 100vw, 1024px\" \/><\/figure><\/li><li class=\"blocks-gallery-item\"><figure><img loading=\"lazy\" decoding=\"async\" width=\"1000\" height=\"667\" src=\"https:\/\/gradskimuzej.subotica.rs\/wp-content\/uploads\/2019\/03\/05-3.jpg\" alt=\"\" data-id=\"744\" data-link=\"https:\/\/gradskimuzej.subotica.rs\/?attachment_id=744\"  class=\"wp-image-2070\" srcset=\"https:\/\/gradskimuzej.subotica.rs\/wp-content\/uploads\/2019\/03\/05-3.jpg 1000w, https:\/\/gradskimuzej.subotica.rs\/wp-content\/uploads\/2019\/03\/05-3-400x267.jpg 400w, https:\/\/gradskimuzej.subotica.rs\/wp-content\/uploads\/2019\/03\/05-3-750x500.jpg 750w, https:\/\/gradskimuzej.subotica.rs\/wp-content\/uploads\/2019\/03\/05-3-768x512.jpg 768w\" sizes=\"(max-width: 1000px) 100vw, 1000px\" \/><\/figure><\/li><\/ul>\n","protected":false},"excerpt":{"rendered":"<p>A Falkoner ki\u00e1ll\u00edt\u00e1shoz egy nagym\u00e9ret\u0171, k\u00e9toldalas puzzle \u00e9s egy angyalk\u00e1s mem\u00f3riaj\u00e1t\u00e9k is k\u00e9sz\u00fclt, melyet sz\u0151nyegen, valamint asztalokon raktak ki a ki\u00e1ll\u00edt\u00e1st megtekint\u0151 gyermekek \u00e9s fiatalok. Az als\u00f3s koroszt\u00e1ly r\u00e9sz\u00e9re ikonogr\u00e1fi\u00e1s foglalkoz\u00e1sokat szervezt\u00fcnk, mely sor\u00e1n a gyerekek az el\u0151re elk\u00e9sz\u00edtett angyalk\u00e1s rajzokat azonos\u00edtott\u00e1k be, megkeresve \u0151ket a ki\u00e1ll\u00edtott k\u00e9peken. Az id\u0151sebbek az \u00e9rint\u0151k\u00e9perny\u0151n a terepen tal\u00e1lhat\u00f3 [&hellip;]<\/p>\n","protected":false},"author":1,"featured_media":2071,"comment_status":"open","ping_status":"closed","sticky":false,"template":"","format":"standard","meta":{"footnotes":""},"categories":[61],"tags":[71],"_links":{"self":[{"href":"https:\/\/gradskimuzej.subotica.rs\/index.php?rest_route=\/wp\/v2\/posts\/738"}],"collection":[{"href":"https:\/\/gradskimuzej.subotica.rs\/index.php?rest_route=\/wp\/v2\/posts"}],"about":[{"href":"https:\/\/gradskimuzej.subotica.rs\/index.php?rest_route=\/wp\/v2\/types\/post"}],"author":[{"embeddable":true,"href":"https:\/\/gradskimuzej.subotica.rs\/index.php?rest_route=\/wp\/v2\/users\/1"}],"replies":[{"embeddable":true,"href":"https:\/\/gradskimuzej.subotica.rs\/index.php?rest_route=%2Fwp%2Fv2%2Fcomments&post=738"}],"version-history":[{"count":2,"href":"https:\/\/gradskimuzej.subotica.rs\/index.php?rest_route=\/wp\/v2\/posts\/738\/revisions"}],"predecessor-version":[{"id":908,"href":"https:\/\/gradskimuzej.subotica.rs\/index.php?rest_route=\/wp\/v2\/posts\/738\/revisions\/908"}],"wp:featuredmedia":[{"embeddable":true,"href":"https:\/\/gradskimuzej.subotica.rs\/index.php?rest_route=\/wp\/v2\/media\/2071"}],"wp:attachment":[{"href":"https:\/\/gradskimuzej.subotica.rs\/index.php?rest_route=%2Fwp%2Fv2%2Fmedia&parent=738"}],"wp:term":[{"taxonomy":"category","embeddable":true,"href":"https:\/\/gradskimuzej.subotica.rs\/index.php?rest_route=%2Fwp%2Fv2%2Fcategories&post=738"},{"taxonomy":"post_tag","embeddable":true,"href":"https:\/\/gradskimuzej.subotica.rs\/index.php?rest_route=%2Fwp%2Fv2%2Ftags&post=738"}],"curies":[{"name":"wp","href":"https:\/\/api.w.org\/{rel}","templated":true}]}}