{"id":5820,"date":"2024-04-02T13:59:56","date_gmt":"2024-04-02T11:59:56","guid":{"rendered":"https:\/\/gradskimuzej.subotica.rs\/?p=5820"},"modified":"2024-04-02T14:05:02","modified_gmt":"2024-04-02T12:05:02","slug":"a-kezdet-es-veg-50-eve-szuntettek-meg-a-szabadkai-villamost","status":"publish","type":"post","link":"https:\/\/gradskimuzej.subotica.rs\/?p=5820&lang=hu","title":{"rendered":"A kezdet \u00e9s v\u00e9g \u2013 50 \u00e9ve sz\u00fcntett\u00e9k meg a szabadkai villamost"},"content":{"rendered":"\n<p><strong>Megnyit\u00f3<\/strong>:  2024. \u00e1prilis 4., 18 \u00f3ra<br> <strong>Helysz\u00edn<\/strong>: f\u00e9lemeleti ki\u00e1ll\u00edt\u00f3terem<br> <strong>A ki\u00e1ll\u00edt\u00e1s kur\u00e1tora<\/strong>: Ninkov K. Olga<\/p>\n\n\n\n<p><em>A kezdet \u00e9s a v\u00e9g \u2013 50 \u00e9ve sz\u00fcntett\u00e9k meg a szabadkai villamost <\/em>\u00a0c\u00edm\u0171 ki\u00e1ll\u00edt\u00e1s Kirbus Edvard \u00e9s Zlatko Jovanov (1949\u20132014) a villamos utols\u00f3 szabadkai \u00fatj\u00e1r\u00f3l k\u00e9sz\u00fclt fot\u00f3it, valamint a Szabadkai V\u00e1rosi M\u00fazeum gy\u0171jtem\u00e9ny\u00e9nek v\u00e1rosunk korai villamost\u00f6rt\u00e9net\u00e9re vonatkoz\u00f3 t\u00e1rgyait mutatja be a <em>Historizmus Szabadk\u00e1n<\/em> c\u00edm\u0171 ki\u00e1ll\u00edt\u00e1s keret\u00e9ben \u2013 a villamos ugyanis Szabadk\u00e1n a historizmus id\u0151szak\u00e1ban indult els\u0151 \u00fatj\u00e1ra, 1897-ben.\u00a0<\/p>\n\n\n\n<p>Ki\u00e1ll\u00edt\u00e1smegnyit\u00f3: 2024. \u00e1prilis 4., 18 \u00f3ra, Szabadkai V\u00e1rosi M\u00fazeum.<\/p>\n\n\n\n<p><br>A Szabadkai V\u00e1rosi M\u00fazeum ugyanakkor felk\u00e9ri a lakoss\u00e1got, hogy fot\u00f3ikkal \u00e9s a szabadkai villamossal kapcsolatos egy\u00e9b eml\u00e9kt\u00e1rgyaikkal j\u00e1ruljanak hozz\u00e1 Szabadka t\u00f6rt\u00e9nelm\u00e9nek ezen r\u00e9sz\u00e9nek kollekt\u00edv eml\u00e9kezet\u00e9hez. F\u00e9nyk\u00e9pek \u00e9s egy\u00e9b t\u00e1rgyak \u00e1tad\u00e1sa szem\u00e9lyesen a m\u00fazeum port\u00e1j\u00e1n (Zsinag\u00f3ga t\u00e9r 3.) lehets\u00e9ges \u2013 cser\u00e9be az \u00e1tad\u00f3 igazol\u00e1st kap a k\u00e9zbes\u00edt\u00e9sr\u0151l \u2013, vagy e-mailben a muzejsubotica@mts.rs c\u00edmre. A teljes anyagot 2024. m\u00e1jus 18-\u00e1n mutatjuk be a M\u00fazeumok \u00c9jszak\u00e1j\u00e1n.<br><\/p>\n\n\n\n<figure class=\"wp-block-image size-large\"><img loading=\"lazy\" decoding=\"async\" width=\"1024\" height=\"536\" src=\"https:\/\/gradskimuzej.subotica.rs\/wp-content\/uploads\/2024\/04\/Desing-Lality-Cs-1024x536.jpg\" alt=\"\" class=\"wp-image-5821\" srcset=\"https:\/\/gradskimuzej.subotica.rs\/wp-content\/uploads\/2024\/04\/Desing-Lality-Cs-1024x536.jpg 1024w, https:\/\/gradskimuzej.subotica.rs\/wp-content\/uploads\/2024\/04\/Desing-Lality-Cs-800x419.jpg 800w, https:\/\/gradskimuzej.subotica.rs\/wp-content\/uploads\/2024\/04\/Desing-Lality-Cs-400x209.jpg 400w, https:\/\/gradskimuzej.subotica.rs\/wp-content\/uploads\/2024\/04\/Desing-Lality-Cs-768x402.jpg 768w, https:\/\/gradskimuzej.subotica.rs\/wp-content\/uploads\/2024\/04\/Desing-Lality-Cs-1536x804.jpg 1536w, https:\/\/gradskimuzej.subotica.rs\/wp-content\/uploads\/2024\/04\/Desing-Lality-Cs-2048x1072.jpg 2048w\" sizes=\"(max-width: 1024px) 100vw, 1024px\" \/><\/figure>\n","protected":false},"excerpt":{"rendered":"<p>Megnyit\u00f3: 2024. \u00e1prilis 4., 18 \u00f3ra Helysz\u00edn: f\u00e9lemeleti ki\u00e1ll\u00edt\u00f3terem A ki\u00e1ll\u00edt\u00e1s kur\u00e1tora: Ninkov K. Olga A kezdet \u00e9s a v\u00e9g \u2013 50 \u00e9ve sz\u00fcntett\u00e9k meg a szabadkai villamost \u00a0c\u00edm\u0171 ki\u00e1ll\u00edt\u00e1s Kirbus Edvard \u00e9s Zlatko Jovanov (1949\u20132014) a villamos utols\u00f3 szabadkai \u00fatj\u00e1r\u00f3l k\u00e9sz\u00fclt fot\u00f3it, valamint a Szabadkai V\u00e1rosi M\u00fazeum gy\u0171jtem\u00e9ny\u00e9nek v\u00e1rosunk korai villamost\u00f6rt\u00e9net\u00e9re vonatkoz\u00f3 t\u00e1rgyait mutatja [&hellip;]<\/p>\n","protected":false},"author":2,"featured_media":5822,"comment_status":"open","ping_status":"closed","sticky":false,"template":"","format":"standard","meta":{"footnotes":""},"categories":[1,29],"tags":[31],"_links":{"self":[{"href":"https:\/\/gradskimuzej.subotica.rs\/index.php?rest_route=\/wp\/v2\/posts\/5820"}],"collection":[{"href":"https:\/\/gradskimuzej.subotica.rs\/index.php?rest_route=\/wp\/v2\/posts"}],"about":[{"href":"https:\/\/gradskimuzej.subotica.rs\/index.php?rest_route=\/wp\/v2\/types\/post"}],"author":[{"embeddable":true,"href":"https:\/\/gradskimuzej.subotica.rs\/index.php?rest_route=\/wp\/v2\/users\/2"}],"replies":[{"embeddable":true,"href":"https:\/\/gradskimuzej.subotica.rs\/index.php?rest_route=%2Fwp%2Fv2%2Fcomments&post=5820"}],"version-history":[{"count":2,"href":"https:\/\/gradskimuzej.subotica.rs\/index.php?rest_route=\/wp\/v2\/posts\/5820\/revisions"}],"predecessor-version":[{"id":5826,"href":"https:\/\/gradskimuzej.subotica.rs\/index.php?rest_route=\/wp\/v2\/posts\/5820\/revisions\/5826"}],"wp:featuredmedia":[{"embeddable":true,"href":"https:\/\/gradskimuzej.subotica.rs\/index.php?rest_route=\/wp\/v2\/media\/5822"}],"wp:attachment":[{"href":"https:\/\/gradskimuzej.subotica.rs\/index.php?rest_route=%2Fwp%2Fv2%2Fmedia&parent=5820"}],"wp:term":[{"taxonomy":"category","embeddable":true,"href":"https:\/\/gradskimuzej.subotica.rs\/index.php?rest_route=%2Fwp%2Fv2%2Fcategories&post=5820"},{"taxonomy":"post_tag","embeddable":true,"href":"https:\/\/gradskimuzej.subotica.rs\/index.php?rest_route=%2Fwp%2Fv2%2Ftags&post=5820"}],"curies":[{"name":"wp","href":"https:\/\/api.w.org\/{rel}","templated":true}]}}