{"id":5780,"date":"2024-03-05T13:28:14","date_gmt":"2024-03-05T12:28:14","guid":{"rendered":"https:\/\/gradskimuzej.subotica.rs\/?p=5780"},"modified":"2024-03-05T13:28:14","modified_gmt":"2024-03-05T12:28:14","slug":"zene-u-muzickom-zivotu-subotice-neli-gabos-farkas-marija-budanovic-kora-milko","status":"publish","type":"post","link":"https:\/\/gradskimuzej.subotica.rs\/?p=5780&lang=sr","title":{"rendered":"\u017dene u muzi\u010dkom \u017eivotu Subotice \u2013 Neli Gabo\u0161 Farka\u0161, Marija Budanovi\u010d, Kora Milko"},"content":{"rendered":"\n<h3 class=\"has-text-color wp-block-heading\" style=\"color:#8b8888\">Muzi\u010dki \u017eivot Subotice \u2013 ciklus predavanja Gradskog muzeja Subotica<\/h3>\n\n\n\n<p>Uo\u010di ovogodi\u0161njeg Dana \u017eena, 7. marta sa po\u010detkom u 17 \u010dasova, u Gradskom muzeju Subotica predavanje \u0107e odr\u017eati Tibor Pekar, profesor violine i poznati istra\u017eiva\u010d suboti\u010dke muzi\u010dke scene u pro\u0161losti. Naziv njegovog predavanja:<em> \u017dene u muzi\u010dkom \u017eivotu Subotice \u2013 Neli Gabo\u0161 Farka\u0161, Marija Budanovi\u010d, Kora Milko<\/em>. Publika \u0107e sa ovim ujedno dobiti uvid u istra\u017eivanja za novu knjigu Pekara Tibora i novi aspekat na\u0161e muzi\u010dke istorije.<\/p>\n\n\n\n<p>U okviru ve\u010deri bi\u0107e prikazane i slike sa muzi\u010dkom tematikom slikara Bele Farka\u0161a, sina Neli Gabo\u0161 Farka\u0161, profesorice solo pevanja suboti\u010dke Muzi\u010dke \u0161kole u me\u0111uratnom periodu, a nakon prezentacije, zainteresovani \u0107e imati priliku da uz stru\u010dnog vodi\u010da pogledaju aktuelnu tematsku postavku muzeja sa novim muzejskim akvizicijama. Predavanje je na ma\u0111arskom jeziku. Ulaz je sloboda.<br><\/p>\n","protected":false},"excerpt":{"rendered":"<p>Muzi\u010dki \u017eivot Subotice \u2013 ciklus predavanja Gradskog muzeja Subotica Uo\u010di ovogodi\u0161njeg Dana \u017eena, 7. marta sa po\u010detkom u 17 \u010dasova, u Gradskom muzeju Subotica predavanje \u0107e odr\u017eati Tibor Pekar, profesor violine i poznati istra\u017eiva\u010d suboti\u010dke muzi\u010dke scene u pro\u0161losti. Naziv njegovog predavanja: \u017dene u muzi\u010dkom \u017eivotu Subotice \u2013 Neli Gabo\u0161 Farka\u0161, Marija Budanovi\u010d, Kora Milko. [&hellip;]<\/p>\n","protected":false},"author":2,"featured_media":5781,"comment_status":"open","ping_status":"closed","sticky":false,"template":"","format":"standard","meta":{"footnotes":""},"categories":[13],"tags":[125],"_links":{"self":[{"href":"https:\/\/gradskimuzej.subotica.rs\/index.php?rest_route=\/wp\/v2\/posts\/5780"}],"collection":[{"href":"https:\/\/gradskimuzej.subotica.rs\/index.php?rest_route=\/wp\/v2\/posts"}],"about":[{"href":"https:\/\/gradskimuzej.subotica.rs\/index.php?rest_route=\/wp\/v2\/types\/post"}],"author":[{"embeddable":true,"href":"https:\/\/gradskimuzej.subotica.rs\/index.php?rest_route=\/wp\/v2\/users\/2"}],"replies":[{"embeddable":true,"href":"https:\/\/gradskimuzej.subotica.rs\/index.php?rest_route=%2Fwp%2Fv2%2Fcomments&post=5780"}],"version-history":[{"count":4,"href":"https:\/\/gradskimuzej.subotica.rs\/index.php?rest_route=\/wp\/v2\/posts\/5780\/revisions"}],"predecessor-version":[{"id":5785,"href":"https:\/\/gradskimuzej.subotica.rs\/index.php?rest_route=\/wp\/v2\/posts\/5780\/revisions\/5785"}],"wp:featuredmedia":[{"embeddable":true,"href":"https:\/\/gradskimuzej.subotica.rs\/index.php?rest_route=\/wp\/v2\/media\/5781"}],"wp:attachment":[{"href":"https:\/\/gradskimuzej.subotica.rs\/index.php?rest_route=%2Fwp%2Fv2%2Fmedia&parent=5780"}],"wp:term":[{"taxonomy":"category","embeddable":true,"href":"https:\/\/gradskimuzej.subotica.rs\/index.php?rest_route=%2Fwp%2Fv2%2Fcategories&post=5780"},{"taxonomy":"post_tag","embeddable":true,"href":"https:\/\/gradskimuzej.subotica.rs\/index.php?rest_route=%2Fwp%2Fv2%2Ftags&post=5780"}],"curies":[{"name":"wp","href":"https:\/\/api.w.org\/{rel}","templated":true}]}}