{"id":4878,"date":"2023-01-19T13:37:34","date_gmt":"2023-01-19T12:37:34","guid":{"rendered":"https:\/\/gradskimuzej.subotica.rs\/?p=4878"},"modified":"2023-04-20T12:37:00","modified_gmt":"2023-04-20T10:37:00","slug":"a-pesti-schofft-festomuvesz-csalad","status":"publish","type":"post","link":"https:\/\/gradskimuzej.subotica.rs\/?p=4878&lang=hu","title":{"rendered":"A pesti Sch\u00f6fft fest\u0151m\u0171v\u00e9sz csal\u00e1d"},"content":{"rendered":"\n<p><strong>Megnyit\u00f3:&nbsp;<\/strong>2023. janu\u00e1r 25., 13 \u00f3ra<br><strong>Helysz\u00edn:&nbsp;<\/strong>f\u00f6ldszinti ki\u00e1ll\u00edt\u00f3terem<br><strong>A ki\u00e1ll\u00edt\u00e1s kur\u00e1tora:<\/strong> dr. Korhecz Papp Zsuzsanna&nbsp;<br>A ki\u00e1ll\u00edt\u00e1s m\u00e1jus v\u00e9g\u00e9ig tekinthet\u0151 meg.<\/p>\n\n\n\n<p>Tisztelettel megh\u00edvjuk <em>A pesti Sch\u00f6fft fest\u0151m\u0171v\u00e9sz csal\u00e1d<\/em> c\u00edm\u0171 ki\u00e1ll\u00edt\u00e1sunk megnyit\u00f3j\u00e1ra, melyet 2023. janu\u00e1r 25-\u00e9n tartunk 13 \u00f3rai kezdettel.<\/p>\n\n\n\n<p>K\u00f6sz\u00f6nt\u0151t mond: dr. Rokay Zolt\u00e1n<br>A ki\u00e1ll\u00edt\u00e1st megnyitja: dr. Szvoboda Dom\u00e1nszky Gabriella<br>K\u00f6zrem\u0171k\u00f6dik: Moln\u00e1r Krisztina fuvolam\u0171v\u00e9sz<\/p>\n\n\n\n<p>A pesti Sch\u00f6fft k\u00e9p\u00edr\u00f3 csal\u00e1d m\u0171v\u00e9szeti hagyat\u00e9k\u00e1t a mai Magyarorsz\u00e1gon, Horv\u00e1torsz\u00e1gban, Rom\u00e1ni\u00e1ban \u00e9s Szerbi\u00e1ban \u0151rzik. A nemzetk\u00f6zi v\u00e1ndorki\u00e1ll\u00edt\u00e1s a m\u0171hely h\u00e1rom gener\u00e1ci\u00f3j\u00e1t,&nbsp; Joseph, J\u00f3zsef K\u00e1roly \u00e9s a vil\u00e1gh\u00edr\u0171 \u00c1goston egyh\u00e1zi \u00e9s vil\u00e1gi munk\u00e1it mutatja be, melyek a 19. sz\u00e1zad els\u0151 fel\u00e9ben j\u00f6ttek l\u00e9tre.<\/p>\n\n\n\n<figure class=\"wp-block-gallery columns-3 wp-block-gallery-1 is-layout-flex wp-block-gallery-is-layout-flex\"><ul class=\"blocks-gallery-grid\"><li class=\"blocks-gallery-item\"><figure><img loading=\"lazy\" decoding=\"async\" width=\"582\" height=\"806\" src=\"https:\/\/gradskimuzej.subotica.rs\/wp-content\/uploads\/2023\/01\/IMG_7302.jpg\" alt=\"\" data-id=\"4941\" data-full-url=\"https:\/\/gradskimuzej.subotica.rs\/wp-content\/uploads\/2023\/01\/IMG_7302.jpg\" data-link=\"https:\/\/gradskimuzej.subotica.rs\/?attachment_id=4941&amp;lang=hu\" class=\"wp-image-4941\" srcset=\"https:\/\/gradskimuzej.subotica.rs\/wp-content\/uploads\/2023\/01\/IMG_7302.jpg 582w, https:\/\/gradskimuzej.subotica.rs\/wp-content\/uploads\/2023\/01\/IMG_7302-361x500.jpg 361w, https:\/\/gradskimuzej.subotica.rs\/wp-content\/uploads\/2023\/01\/IMG_7302-217x300.jpg 217w\" sizes=\"(max-width: 582px) 100vw, 582px\" \/><\/figure><\/li><li class=\"blocks-gallery-item\"><figure><img loading=\"lazy\" decoding=\"async\" width=\"670\" height=\"927\" src=\"https:\/\/gradskimuzej.subotica.rs\/wp-content\/uploads\/2023\/01\/IMG_7269.jpg\" alt=\"\" data-id=\"4935\" data-full-url=\"https:\/\/gradskimuzej.subotica.rs\/wp-content\/uploads\/2023\/01\/IMG_7269.jpg\" data-link=\"https:\/\/gradskimuzej.subotica.rs\/?attachment_id=4935&amp;lang=hu\" class=\"wp-image-4935\" srcset=\"https:\/\/gradskimuzej.subotica.rs\/wp-content\/uploads\/2023\/01\/IMG_7269.jpg 670w, https:\/\/gradskimuzej.subotica.rs\/wp-content\/uploads\/2023\/01\/IMG_7269-361x500.jpg 361w, https:\/\/gradskimuzej.subotica.rs\/wp-content\/uploads\/2023\/01\/IMG_7269-217x300.jpg 217w\" sizes=\"(max-width: 670px) 100vw, 670px\" \/><\/figure><\/li><li class=\"blocks-gallery-item\"><figure><img loading=\"lazy\" decoding=\"async\" width=\"683\" height=\"1024\" src=\"https:\/\/gradskimuzej.subotica.rs\/wp-content\/uploads\/2023\/01\/IMG_7237-683x1024.jpg\" alt=\"\" data-id=\"4933\" data-full-url=\"https:\/\/gradskimuzej.subotica.rs\/wp-content\/uploads\/2023\/01\/IMG_7237.jpg\" data-link=\"https:\/\/gradskimuzej.subotica.rs\/?attachment_id=4933&amp;lang=hu\" class=\"wp-image-4933\" srcset=\"https:\/\/gradskimuzej.subotica.rs\/wp-content\/uploads\/2023\/01\/IMG_7237-683x1024.jpg 683w, https:\/\/gradskimuzej.subotica.rs\/wp-content\/uploads\/2023\/01\/IMG_7237-333x500.jpg 333w, https:\/\/gradskimuzej.subotica.rs\/wp-content\/uploads\/2023\/01\/IMG_7237-200x300.jpg 200w, https:\/\/gradskimuzej.subotica.rs\/wp-content\/uploads\/2023\/01\/IMG_7237-768x1152.jpg 768w, https:\/\/gradskimuzej.subotica.rs\/wp-content\/uploads\/2023\/01\/IMG_7237.jpg 928w\" sizes=\"(max-width: 683px) 100vw, 683px\" \/><\/figure><\/li><li class=\"blocks-gallery-item\"><figure><img loading=\"lazy\" decoding=\"async\" width=\"1024\" height=\"683\" src=\"https:\/\/gradskimuzej.subotica.rs\/wp-content\/uploads\/2023\/01\/IMG_7300-1024x683.jpg\" alt=\"\" data-id=\"4940\" data-full-url=\"https:\/\/gradskimuzej.subotica.rs\/wp-content\/uploads\/2023\/01\/IMG_7300.jpg\" data-link=\"https:\/\/gradskimuzej.subotica.rs\/?attachment_id=4940&amp;lang=hu\" class=\"wp-image-4940\" srcset=\"https:\/\/gradskimuzej.subotica.rs\/wp-content\/uploads\/2023\/01\/IMG_7300-1024x683.jpg 1024w, https:\/\/gradskimuzej.subotica.rs\/wp-content\/uploads\/2023\/01\/IMG_7300-750x500.jpg 750w, https:\/\/gradskimuzej.subotica.rs\/wp-content\/uploads\/2023\/01\/IMG_7300-400x267.jpg 400w, https:\/\/gradskimuzej.subotica.rs\/wp-content\/uploads\/2023\/01\/IMG_7300-768x512.jpg 768w, https:\/\/gradskimuzej.subotica.rs\/wp-content\/uploads\/2023\/01\/IMG_7300.jpg 1392w\" sizes=\"(max-width: 1024px) 100vw, 1024px\" \/><\/figure><\/li><li class=\"blocks-gallery-item\"><figure><img loading=\"lazy\" decoding=\"async\" width=\"1024\" height=\"740\" src=\"https:\/\/gradskimuzej.subotica.rs\/wp-content\/uploads\/2023\/01\/IMG_7284-1024x740.jpg\" alt=\"\" data-id=\"4947\" data-full-url=\"https:\/\/gradskimuzej.subotica.rs\/wp-content\/uploads\/2023\/01\/IMG_7284.jpg\" data-link=\"https:\/\/gradskimuzej.subotica.rs\/?attachment_id=4947&amp;lang=hu\" class=\"wp-image-4947\" srcset=\"https:\/\/gradskimuzej.subotica.rs\/wp-content\/uploads\/2023\/01\/IMG_7284-1024x740.jpg 1024w, https:\/\/gradskimuzej.subotica.rs\/wp-content\/uploads\/2023\/01\/IMG_7284-692x500.jpg 692w, https:\/\/gradskimuzej.subotica.rs\/wp-content\/uploads\/2023\/01\/IMG_7284-400x289.jpg 400w, https:\/\/gradskimuzej.subotica.rs\/wp-content\/uploads\/2023\/01\/IMG_7284-768x555.jpg 768w, https:\/\/gradskimuzej.subotica.rs\/wp-content\/uploads\/2023\/01\/IMG_7284.jpg 1219w\" sizes=\"(max-width: 1024px) 100vw, 1024px\" \/><\/figure><\/li><li class=\"blocks-gallery-item\"><figure><img loading=\"lazy\" decoding=\"async\" width=\"1024\" height=\"683\" src=\"https:\/\/gradskimuzej.subotica.rs\/wp-content\/uploads\/2023\/01\/IMG_7263-1024x683.jpg\" alt=\"\" data-id=\"4934\" data-full-url=\"https:\/\/gradskimuzej.subotica.rs\/wp-content\/uploads\/2023\/01\/IMG_7263.jpg\" data-link=\"https:\/\/gradskimuzej.subotica.rs\/?attachment_id=4934&amp;lang=hu\" class=\"wp-image-4934\" srcset=\"https:\/\/gradskimuzej.subotica.rs\/wp-content\/uploads\/2023\/01\/IMG_7263-1024x683.jpg 1024w, https:\/\/gradskimuzej.subotica.rs\/wp-content\/uploads\/2023\/01\/IMG_7263-750x500.jpg 750w, https:\/\/gradskimuzej.subotica.rs\/wp-content\/uploads\/2023\/01\/IMG_7263-400x267.jpg 400w, https:\/\/gradskimuzej.subotica.rs\/wp-content\/uploads\/2023\/01\/IMG_7263-768x512.jpg 768w, https:\/\/gradskimuzej.subotica.rs\/wp-content\/uploads\/2023\/01\/IMG_7263.jpg 1392w\" sizes=\"(max-width: 1024px) 100vw, 1024px\" \/><\/figure><\/li><li class=\"blocks-gallery-item\"><figure><img loading=\"lazy\" decoding=\"async\" width=\"1024\" height=\"683\" src=\"https:\/\/gradskimuzej.subotica.rs\/wp-content\/uploads\/2023\/01\/IMG_7374-1024x683.jpg\" alt=\"\" data-id=\"4924\" data-full-url=\"https:\/\/gradskimuzej.subotica.rs\/wp-content\/uploads\/2023\/01\/IMG_7374.jpg\" data-link=\"https:\/\/gradskimuzej.subotica.rs\/?attachment_id=4924&amp;lang=hu\" class=\"wp-image-4924\" srcset=\"https:\/\/gradskimuzej.subotica.rs\/wp-content\/uploads\/2023\/01\/IMG_7374-1024x683.jpg 1024w, https:\/\/gradskimuzej.subotica.rs\/wp-content\/uploads\/2023\/01\/IMG_7374-750x500.jpg 750w, https:\/\/gradskimuzej.subotica.rs\/wp-content\/uploads\/2023\/01\/IMG_7374-400x267.jpg 400w, https:\/\/gradskimuzej.subotica.rs\/wp-content\/uploads\/2023\/01\/IMG_7374-768x512.jpg 768w, https:\/\/gradskimuzej.subotica.rs\/wp-content\/uploads\/2023\/01\/IMG_7374.jpg 1392w\" sizes=\"(max-width: 1024px) 100vw, 1024px\" \/><\/figure><\/li><li class=\"blocks-gallery-item\"><figure><img loading=\"lazy\" decoding=\"async\" width=\"1024\" height=\"683\" src=\"https:\/\/gradskimuzej.subotica.rs\/wp-content\/uploads\/2023\/01\/IMG_7213-1024x683.jpg\" alt=\"\" data-id=\"4932\" data-full-url=\"https:\/\/gradskimuzej.subotica.rs\/wp-content\/uploads\/2023\/01\/IMG_7213.jpg\" data-link=\"https:\/\/gradskimuzej.subotica.rs\/?attachment_id=4932&amp;lang=hu\" class=\"wp-image-4932\" srcset=\"https:\/\/gradskimuzej.subotica.rs\/wp-content\/uploads\/2023\/01\/IMG_7213-1024x683.jpg 1024w, https:\/\/gradskimuzej.subotica.rs\/wp-content\/uploads\/2023\/01\/IMG_7213-750x500.jpg 750w, https:\/\/gradskimuzej.subotica.rs\/wp-content\/uploads\/2023\/01\/IMG_7213-400x267.jpg 400w, https:\/\/gradskimuzej.subotica.rs\/wp-content\/uploads\/2023\/01\/IMG_7213-768x512.jpg 768w, https:\/\/gradskimuzej.subotica.rs\/wp-content\/uploads\/2023\/01\/IMG_7213.jpg 1392w\" sizes=\"(max-width: 1024px) 100vw, 1024px\" \/><\/figure><\/li><li class=\"blocks-gallery-item\"><figure><img loading=\"lazy\" decoding=\"async\" width=\"1024\" height=\"683\" src=\"https:\/\/gradskimuzej.subotica.rs\/wp-content\/uploads\/2023\/01\/IMG_7211-1024x683.jpg\" alt=\"\" data-id=\"4931\" data-full-url=\"https:\/\/gradskimuzej.subotica.rs\/wp-content\/uploads\/2023\/01\/IMG_7211.jpg\" data-link=\"https:\/\/gradskimuzej.subotica.rs\/?attachment_id=4931&amp;lang=hu\" class=\"wp-image-4931\" srcset=\"https:\/\/gradskimuzej.subotica.rs\/wp-content\/uploads\/2023\/01\/IMG_7211-1024x683.jpg 1024w, https:\/\/gradskimuzej.subotica.rs\/wp-content\/uploads\/2023\/01\/IMG_7211-750x500.jpg 750w, https:\/\/gradskimuzej.subotica.rs\/wp-content\/uploads\/2023\/01\/IMG_7211-400x267.jpg 400w, https:\/\/gradskimuzej.subotica.rs\/wp-content\/uploads\/2023\/01\/IMG_7211-768x512.jpg 768w, https:\/\/gradskimuzej.subotica.rs\/wp-content\/uploads\/2023\/01\/IMG_7211.jpg 1392w\" sizes=\"(max-width: 1024px) 100vw, 1024px\" \/><\/figure><\/li><li class=\"blocks-gallery-item\"><figure><img loading=\"lazy\" decoding=\"async\" width=\"1024\" height=\"683\" src=\"https:\/\/gradskimuzej.subotica.rs\/wp-content\/uploads\/2023\/01\/IMG_7210-1024x683.jpg\" alt=\"\" data-id=\"4930\" data-full-url=\"https:\/\/gradskimuzej.subotica.rs\/wp-content\/uploads\/2023\/01\/IMG_7210.jpg\" data-link=\"https:\/\/gradskimuzej.subotica.rs\/?attachment_id=4930&amp;lang=hu\" class=\"wp-image-4930\" srcset=\"https:\/\/gradskimuzej.subotica.rs\/wp-content\/uploads\/2023\/01\/IMG_7210-1024x683.jpg 1024w, https:\/\/gradskimuzej.subotica.rs\/wp-content\/uploads\/2023\/01\/IMG_7210-750x500.jpg 750w, https:\/\/gradskimuzej.subotica.rs\/wp-content\/uploads\/2023\/01\/IMG_7210-400x267.jpg 400w, https:\/\/gradskimuzej.subotica.rs\/wp-content\/uploads\/2023\/01\/IMG_7210-768x512.jpg 768w, https:\/\/gradskimuzej.subotica.rs\/wp-content\/uploads\/2023\/01\/IMG_7210.jpg 1392w\" sizes=\"(max-width: 1024px) 100vw, 1024px\" \/><\/figure><\/li><li class=\"blocks-gallery-item\"><figure><img loading=\"lazy\" decoding=\"async\" width=\"1024\" height=\"682\" src=\"https:\/\/gradskimuzej.subotica.rs\/wp-content\/uploads\/2023\/01\/IMG_7195-1024x682.jpg\" alt=\"\" data-id=\"4929\" data-full-url=\"https:\/\/gradskimuzej.subotica.rs\/wp-content\/uploads\/2023\/01\/IMG_7195.jpg\" data-link=\"https:\/\/gradskimuzej.subotica.rs\/?attachment_id=4929&amp;lang=hu\" class=\"wp-image-4929\" srcset=\"https:\/\/gradskimuzej.subotica.rs\/wp-content\/uploads\/2023\/01\/IMG_7195-1024x682.jpg 1024w, https:\/\/gradskimuzej.subotica.rs\/wp-content\/uploads\/2023\/01\/IMG_7195-750x500.jpg 750w, https:\/\/gradskimuzej.subotica.rs\/wp-content\/uploads\/2023\/01\/IMG_7195-400x267.jpg 400w, https:\/\/gradskimuzej.subotica.rs\/wp-content\/uploads\/2023\/01\/IMG_7195-768x512.jpg 768w, https:\/\/gradskimuzej.subotica.rs\/wp-content\/uploads\/2023\/01\/IMG_7195.jpg 1352w\" sizes=\"(max-width: 1024px) 100vw, 1024px\" \/><\/figure><\/li><li class=\"blocks-gallery-item\"><figure><img loading=\"lazy\" decoding=\"async\" width=\"1024\" height=\"683\" src=\"https:\/\/gradskimuzej.subotica.rs\/wp-content\/uploads\/2023\/01\/IMG_7208-1024x683.jpg\" alt=\"\" data-id=\"4928\" data-full-url=\"https:\/\/gradskimuzej.subotica.rs\/wp-content\/uploads\/2023\/01\/IMG_7208.jpg\" data-link=\"https:\/\/gradskimuzej.subotica.rs\/?attachment_id=4928&amp;lang=hu\" class=\"wp-image-4928\" srcset=\"https:\/\/gradskimuzej.subotica.rs\/wp-content\/uploads\/2023\/01\/IMG_7208-1024x683.jpg 1024w, https:\/\/gradskimuzej.subotica.rs\/wp-content\/uploads\/2023\/01\/IMG_7208-750x500.jpg 750w, https:\/\/gradskimuzej.subotica.rs\/wp-content\/uploads\/2023\/01\/IMG_7208-400x267.jpg 400w, https:\/\/gradskimuzej.subotica.rs\/wp-content\/uploads\/2023\/01\/IMG_7208-768x512.jpg 768w, https:\/\/gradskimuzej.subotica.rs\/wp-content\/uploads\/2023\/01\/IMG_7208.jpg 1392w\" sizes=\"(max-width: 1024px) 100vw, 1024px\" \/><\/figure><\/li><li class=\"blocks-gallery-item\"><figure><img loading=\"lazy\" decoding=\"async\" width=\"1024\" height=\"683\" src=\"https:\/\/gradskimuzej.subotica.rs\/wp-content\/uploads\/2023\/01\/IMG_7191-1024x683.jpg\" alt=\"\" data-id=\"4927\" data-full-url=\"https:\/\/gradskimuzej.subotica.rs\/wp-content\/uploads\/2023\/01\/IMG_7191.jpg\" data-link=\"https:\/\/gradskimuzej.subotica.rs\/?attachment_id=4927&amp;lang=hu\" class=\"wp-image-4927\" srcset=\"https:\/\/gradskimuzej.subotica.rs\/wp-content\/uploads\/2023\/01\/IMG_7191-1024x683.jpg 1024w, https:\/\/gradskimuzej.subotica.rs\/wp-content\/uploads\/2023\/01\/IMG_7191-750x500.jpg 750w, https:\/\/gradskimuzej.subotica.rs\/wp-content\/uploads\/2023\/01\/IMG_7191-400x267.jpg 400w, https:\/\/gradskimuzej.subotica.rs\/wp-content\/uploads\/2023\/01\/IMG_7191-768x512.jpg 768w, https:\/\/gradskimuzej.subotica.rs\/wp-content\/uploads\/2023\/01\/IMG_7191.jpg 1392w\" sizes=\"(max-width: 1024px) 100vw, 1024px\" \/><\/figure><\/li><li class=\"blocks-gallery-item\"><figure><img loading=\"lazy\" decoding=\"async\" width=\"1024\" height=\"683\" src=\"https:\/\/gradskimuzej.subotica.rs\/wp-content\/uploads\/2023\/01\/IMG_7186-1024x683.jpg\" alt=\"\" data-id=\"4926\" data-full-url=\"https:\/\/gradskimuzej.subotica.rs\/wp-content\/uploads\/2023\/01\/IMG_7186.jpg\" data-link=\"https:\/\/gradskimuzej.subotica.rs\/?attachment_id=4926&amp;lang=hu\" class=\"wp-image-4926\" srcset=\"https:\/\/gradskimuzej.subotica.rs\/wp-content\/uploads\/2023\/01\/IMG_7186-1024x683.jpg 1024w, https:\/\/gradskimuzej.subotica.rs\/wp-content\/uploads\/2023\/01\/IMG_7186-750x500.jpg 750w, https:\/\/gradskimuzej.subotica.rs\/wp-content\/uploads\/2023\/01\/IMG_7186-400x267.jpg 400w, https:\/\/gradskimuzej.subotica.rs\/wp-content\/uploads\/2023\/01\/IMG_7186-768x512.jpg 768w, https:\/\/gradskimuzej.subotica.rs\/wp-content\/uploads\/2023\/01\/IMG_7186.jpg 1392w\" sizes=\"(max-width: 1024px) 100vw, 1024px\" \/><\/figure><\/li><li class=\"blocks-gallery-item\"><figure><img loading=\"lazy\" decoding=\"async\" width=\"1024\" height=\"683\" src=\"https:\/\/gradskimuzej.subotica.rs\/wp-content\/uploads\/2023\/01\/IMG_7168-1024x683.jpg\" alt=\"\" data-id=\"4925\" data-full-url=\"https:\/\/gradskimuzej.subotica.rs\/wp-content\/uploads\/2023\/01\/IMG_7168.jpg\" data-link=\"https:\/\/gradskimuzej.subotica.rs\/?attachment_id=4925&amp;lang=hu\" class=\"wp-image-4925\" srcset=\"https:\/\/gradskimuzej.subotica.rs\/wp-content\/uploads\/2023\/01\/IMG_7168-1024x683.jpg 1024w, https:\/\/gradskimuzej.subotica.rs\/wp-content\/uploads\/2023\/01\/IMG_7168-750x500.jpg 750w, https:\/\/gradskimuzej.subotica.rs\/wp-content\/uploads\/2023\/01\/IMG_7168-400x267.jpg 400w, https:\/\/gradskimuzej.subotica.rs\/wp-content\/uploads\/2023\/01\/IMG_7168-768x512.jpg 768w, https:\/\/gradskimuzej.subotica.rs\/wp-content\/uploads\/2023\/01\/IMG_7168.jpg 1392w\" sizes=\"(max-width: 1024px) 100vw, 1024px\" \/><\/figure><\/li><\/ul><\/figure>\n","protected":false},"excerpt":{"rendered":"<p>Megnyit\u00f3:&nbsp;2023. janu\u00e1r 25., 13 \u00f3raHelysz\u00edn:&nbsp;f\u00f6ldszinti ki\u00e1ll\u00edt\u00f3teremA ki\u00e1ll\u00edt\u00e1s kur\u00e1tora: dr. Korhecz Papp Zsuzsanna&nbsp;A ki\u00e1ll\u00edt\u00e1s m\u00e1jus v\u00e9g\u00e9ig tekinthet\u0151 meg. Tisztelettel megh\u00edvjuk A pesti Sch\u00f6fft fest\u0151m\u0171v\u00e9sz csal\u00e1d c\u00edm\u0171 ki\u00e1ll\u00edt\u00e1sunk megnyit\u00f3j\u00e1ra, melyet 2023. janu\u00e1r 25-\u00e9n tartunk 13 \u00f3rai kezdettel. K\u00f6sz\u00f6nt\u0151t mond: dr. Rokay Zolt\u00e1nA ki\u00e1ll\u00edt\u00e1st megnyitja: dr. Szvoboda Dom\u00e1nszky GabriellaK\u00f6zrem\u0171k\u00f6dik: Moln\u00e1r Krisztina fuvolam\u0171v\u00e9sz A pesti Sch\u00f6fft k\u00e9p\u00edr\u00f3 csal\u00e1d m\u0171v\u00e9szeti [&hellip;]<\/p>\n","protected":false},"author":2,"featured_media":4879,"comment_status":"open","ping_status":"closed","sticky":false,"template":"","format":"standard","meta":{"footnotes":""},"categories":[1,29],"tags":[31],"_links":{"self":[{"href":"https:\/\/gradskimuzej.subotica.rs\/index.php?rest_route=\/wp\/v2\/posts\/4878"}],"collection":[{"href":"https:\/\/gradskimuzej.subotica.rs\/index.php?rest_route=\/wp\/v2\/posts"}],"about":[{"href":"https:\/\/gradskimuzej.subotica.rs\/index.php?rest_route=\/wp\/v2\/types\/post"}],"author":[{"embeddable":true,"href":"https:\/\/gradskimuzej.subotica.rs\/index.php?rest_route=\/wp\/v2\/users\/2"}],"replies":[{"embeddable":true,"href":"https:\/\/gradskimuzej.subotica.rs\/index.php?rest_route=%2Fwp%2Fv2%2Fcomments&post=4878"}],"version-history":[{"count":5,"href":"https:\/\/gradskimuzej.subotica.rs\/index.php?rest_route=\/wp\/v2\/posts\/4878\/revisions"}],"predecessor-version":[{"id":5297,"href":"https:\/\/gradskimuzej.subotica.rs\/index.php?rest_route=\/wp\/v2\/posts\/4878\/revisions\/5297"}],"wp:featuredmedia":[{"embeddable":true,"href":"https:\/\/gradskimuzej.subotica.rs\/index.php?rest_route=\/wp\/v2\/media\/4879"}],"wp:attachment":[{"href":"https:\/\/gradskimuzej.subotica.rs\/index.php?rest_route=%2Fwp%2Fv2%2Fmedia&parent=4878"}],"wp:term":[{"taxonomy":"category","embeddable":true,"href":"https:\/\/gradskimuzej.subotica.rs\/index.php?rest_route=%2Fwp%2Fv2%2Fcategories&post=4878"},{"taxonomy":"post_tag","embeddable":true,"href":"https:\/\/gradskimuzej.subotica.rs\/index.php?rest_route=%2Fwp%2Fv2%2Ftags&post=4878"}],"curies":[{"name":"wp","href":"https:\/\/api.w.org\/{rel}","templated":true}]}}