{"id":4019,"date":"2021-11-18T11:24:14","date_gmt":"2021-11-18T10:24:14","guid":{"rendered":"https:\/\/gradskimuzej.subotica.rs\/?p=4019"},"modified":"2021-11-18T11:24:38","modified_gmt":"2021-11-18T10:24:38","slug":"likovna-nagrada-forum","status":"publish","type":"post","link":"https:\/\/gradskimuzej.subotica.rs\/?p=4019&lang=sr","title":{"rendered":"Likovna nagrada &#8220;Forum&#8221;"},"content":{"rendered":"\n<p>Pozivamo Vas na sve\u010dano uru\u010denje Likovne nagrade &#8220;Forum&#8221; za 2019. godinu, koje \u0107e se zbog pandemije odr\u017eati post festum 19. novembra 2021. godine u 16 \u010dasova, u zgradi Gradskog muzeja u Subotici. U ime dobitnika nagrade, Grupe Bosch+Bosch, priznanje \u0107e da preuzme Balint Sombati, jedan od osniva\u010da umetni\u010dkog kolektiva.<br><\/p>\n","protected":false},"excerpt":{"rendered":"<p>Pozivamo Vas na sve\u010dano uru\u010denje Likovne nagrade &#8220;Forum&#8221; za 2019. godinu, koje \u0107e se zbog pandemije odr\u017eati post festum 19. novembra 2021. godine u 16 \u010dasova, u zgradi Gradskog muzeja u Subotici. U ime dobitnika nagrade, Grupe Bosch+Bosch, priznanje \u0107e da preuzme Balint Sombati, jedan od osniva\u010da umetni\u010dkog kolektiva.<\/p>\n","protected":false},"author":2,"featured_media":3169,"comment_status":"open","ping_status":"closed","sticky":false,"template":"","format":"standard","meta":{"footnotes":""},"categories":[13],"tags":[155],"_links":{"self":[{"href":"https:\/\/gradskimuzej.subotica.rs\/index.php?rest_route=\/wp\/v2\/posts\/4019"}],"collection":[{"href":"https:\/\/gradskimuzej.subotica.rs\/index.php?rest_route=\/wp\/v2\/posts"}],"about":[{"href":"https:\/\/gradskimuzej.subotica.rs\/index.php?rest_route=\/wp\/v2\/types\/post"}],"author":[{"embeddable":true,"href":"https:\/\/gradskimuzej.subotica.rs\/index.php?rest_route=\/wp\/v2\/users\/2"}],"replies":[{"embeddable":true,"href":"https:\/\/gradskimuzej.subotica.rs\/index.php?rest_route=%2Fwp%2Fv2%2Fcomments&post=4019"}],"version-history":[{"count":1,"href":"https:\/\/gradskimuzej.subotica.rs\/index.php?rest_route=\/wp\/v2\/posts\/4019\/revisions"}],"predecessor-version":[{"id":4020,"href":"https:\/\/gradskimuzej.subotica.rs\/index.php?rest_route=\/wp\/v2\/posts\/4019\/revisions\/4020"}],"wp:featuredmedia":[{"embeddable":true,"href":"https:\/\/gradskimuzej.subotica.rs\/index.php?rest_route=\/wp\/v2\/media\/3169"}],"wp:attachment":[{"href":"https:\/\/gradskimuzej.subotica.rs\/index.php?rest_route=%2Fwp%2Fv2%2Fmedia&parent=4019"}],"wp:term":[{"taxonomy":"category","embeddable":true,"href":"https:\/\/gradskimuzej.subotica.rs\/index.php?rest_route=%2Fwp%2Fv2%2Fcategories&post=4019"},{"taxonomy":"post_tag","embeddable":true,"href":"https:\/\/gradskimuzej.subotica.rs\/index.php?rest_route=%2Fwp%2Fv2%2Ftags&post=4019"}],"curies":[{"name":"wp","href":"https:\/\/api.w.org\/{rel}","templated":true}]}}