{"id":3635,"date":"2021-06-10T08:00:00","date_gmt":"2021-06-10T06:00:00","guid":{"rendered":"https:\/\/gradskimuzej.subotica.rs\/?p=3635"},"modified":"2021-06-09T12:29:10","modified_gmt":"2021-06-09T10:29:10","slug":"motivi-zivotinja-u-arhitekturi-secesije-u-subotici","status":"publish","type":"post","link":"https:\/\/gradskimuzej.subotica.rs\/?p=3635&lang=sr","title":{"rendered":"Motivi \u017eivotinja u arhitekturi secesije u Subotici"},"content":{"rendered":"\n<p>Povodom VIII Svetskog dana secesije, od 10. juna je na sajtu i Facebook stranici Gradskog muzeja Subotica postavljena virtuelna izlo\u017eba de\u010dijih radova Pred\u0161kolske ustanove \u201eNa\u0161a Radost\u201d na temu <em>Motivi \u017eivotinja u arhitekturi secesije u Subotici<\/em>, kao fotografije konkretnih primera koji su mogli poslu\u017eiti kao inspiracija. Program se realizuje kao nastavak saradnje sa ovom suboti\u010dkom pred\u0161kolskom ustanovom. Zahvaljujemo se vaspita\u010dicama Lu\u010di Radmani\u0107 i Oliveri Vin\u010di\u0107 ispred grupe \u201eBalon\u010di\u0107i\u02ee iz vrti\u0107a \u201eMa\u0161talica\u02ee, koje su poslale najve\u0107i broj de\u010dijih radova, te Marti Gubi (Gubi M\u00e1rta) i Ildiko \u0160veler (Sveller Ildik\u00f3) iz vrti\u0107a \u201eNeven\u02ee. One su i ovaj put na\u0161le liniju secesije i rasplamsale je u de\u010dijoj ma\u0161ti, potvr\u0111uju\u0107i jo\u0161 jednom da je secesija pogodna za rad i sa najmanjim uzrastom. \u010cestitamo svim izlaga\u010dima na\u0161e male virtuelne izlo\u017ebe!    <\/p>\n\n\n\n<figure class=\"wp-block-gallery columns-3 wp-block-gallery-1 is-layout-flex wp-block-gallery-is-layout-flex\"><ul class=\"blocks-gallery-grid\"><li class=\"blocks-gallery-item\"><figure><a href=\"https:\/\/gradskimuzej.subotica.rs\/wp-content\/uploads\/2021\/06\/Anastasija-Mitrovic-1_kicsi.jpg\"><img loading=\"lazy\" decoding=\"async\" width=\"1024\" height=\"755\" src=\"https:\/\/gradskimuzej.subotica.rs\/wp-content\/uploads\/2021\/06\/Anastasija-Mitrovic-1_kicsi-1024x755.jpg\" alt=\"\" data-id=\"3665\" data-full-url=\"https:\/\/gradskimuzej.subotica.rs\/wp-content\/uploads\/2021\/06\/Anastasija-Mitrovic-1_kicsi.jpg\" data-link=\"https:\/\/gradskimuzej.subotica.rs\/?attachment_id=3665\" class=\"wp-image-3665\" srcset=\"https:\/\/gradskimuzej.subotica.rs\/wp-content\/uploads\/2021\/06\/Anastasija-Mitrovic-1_kicsi-1024x755.jpg 1024w, https:\/\/gradskimuzej.subotica.rs\/wp-content\/uploads\/2021\/06\/Anastasija-Mitrovic-1_kicsi-678x500.jpg 678w, https:\/\/gradskimuzej.subotica.rs\/wp-content\/uploads\/2021\/06\/Anastasija-Mitrovic-1_kicsi-400x295.jpg 400w, https:\/\/gradskimuzej.subotica.rs\/wp-content\/uploads\/2021\/06\/Anastasija-Mitrovic-1_kicsi-768x566.jpg 768w, https:\/\/gradskimuzej.subotica.rs\/wp-content\/uploads\/2021\/06\/Anastasija-Mitrovic-1_kicsi.jpg 1280w\" sizes=\"(max-width: 1024px) 100vw, 1024px\" \/><\/a><\/figure><\/li><li class=\"blocks-gallery-item\"><figure><a href=\"https:\/\/gradskimuzej.subotica.rs\/wp-content\/uploads\/2021\/06\/Anastasija-Mitrovic-2_kicsi.jpg\"><img loading=\"lazy\" decoding=\"async\" width=\"1024\" height=\"741\" src=\"https:\/\/gradskimuzej.subotica.rs\/wp-content\/uploads\/2021\/06\/Anastasija-Mitrovic-2_kicsi-1024x741.jpg\" alt=\"\" data-id=\"3666\" data-full-url=\"https:\/\/gradskimuzej.subotica.rs\/wp-content\/uploads\/2021\/06\/Anastasija-Mitrovic-2_kicsi.jpg\" data-link=\"https:\/\/gradskimuzej.subotica.rs\/?attachment_id=3666\" class=\"wp-image-3666\" srcset=\"https:\/\/gradskimuzej.subotica.rs\/wp-content\/uploads\/2021\/06\/Anastasija-Mitrovic-2_kicsi-1024x741.jpg 1024w, https:\/\/gradskimuzej.subotica.rs\/wp-content\/uploads\/2021\/06\/Anastasija-Mitrovic-2_kicsi-691x500.jpg 691w, https:\/\/gradskimuzej.subotica.rs\/wp-content\/uploads\/2021\/06\/Anastasija-Mitrovic-2_kicsi-400x289.jpg 400w, https:\/\/gradskimuzej.subotica.rs\/wp-content\/uploads\/2021\/06\/Anastasija-Mitrovic-2_kicsi-768x556.jpg 768w, https:\/\/gradskimuzej.subotica.rs\/wp-content\/uploads\/2021\/06\/Anastasija-Mitrovic-2_kicsi.jpg 1280w\" sizes=\"(max-width: 1024px) 100vw, 1024px\" \/><\/a><\/figure><\/li><li class=\"blocks-gallery-item\"><figure><a href=\"https:\/\/gradskimuzej.subotica.rs\/wp-content\/uploads\/2021\/06\/aRSENIJE-gADZIC-1_kicsi.jpg\"><img loading=\"lazy\" decoding=\"async\" width=\"1024\" height=\"785\" src=\"https:\/\/gradskimuzej.subotica.rs\/wp-content\/uploads\/2021\/06\/aRSENIJE-gADZIC-1_kicsi-1024x785.jpg\" alt=\"\" data-id=\"3667\" data-full-url=\"https:\/\/gradskimuzej.subotica.rs\/wp-content\/uploads\/2021\/06\/aRSENIJE-gADZIC-1_kicsi.jpg\" data-link=\"https:\/\/gradskimuzej.subotica.rs\/?attachment_id=3667\" class=\"wp-image-3667\" srcset=\"https:\/\/gradskimuzej.subotica.rs\/wp-content\/uploads\/2021\/06\/aRSENIJE-gADZIC-1_kicsi-1024x785.jpg 1024w, https:\/\/gradskimuzej.subotica.rs\/wp-content\/uploads\/2021\/06\/aRSENIJE-gADZIC-1_kicsi-652x500.jpg 652w, https:\/\/gradskimuzej.subotica.rs\/wp-content\/uploads\/2021\/06\/aRSENIJE-gADZIC-1_kicsi-391x300.jpg 391w, https:\/\/gradskimuzej.subotica.rs\/wp-content\/uploads\/2021\/06\/aRSENIJE-gADZIC-1_kicsi-768x589.jpg 768w, https:\/\/gradskimuzej.subotica.rs\/wp-content\/uploads\/2021\/06\/aRSENIJE-gADZIC-1_kicsi.jpg 1280w\" sizes=\"(max-width: 1024px) 100vw, 1024px\" \/><\/a><\/figure><\/li><li class=\"blocks-gallery-item\"><figure><a href=\"https:\/\/gradskimuzej.subotica.rs\/wp-content\/uploads\/2021\/06\/aRSENIJE-gADZIC-2_kicsi.jpg\"><img loading=\"lazy\" decoding=\"async\" width=\"1024\" height=\"741\" src=\"https:\/\/gradskimuzej.subotica.rs\/wp-content\/uploads\/2021\/06\/aRSENIJE-gADZIC-2_kicsi-1024x741.jpg\" alt=\"\" data-id=\"3668\" data-full-url=\"https:\/\/gradskimuzej.subotica.rs\/wp-content\/uploads\/2021\/06\/aRSENIJE-gADZIC-2_kicsi.jpg\" data-link=\"https:\/\/gradskimuzej.subotica.rs\/?attachment_id=3668\" class=\"wp-image-3668\" srcset=\"https:\/\/gradskimuzej.subotica.rs\/wp-content\/uploads\/2021\/06\/aRSENIJE-gADZIC-2_kicsi-1024x741.jpg 1024w, https:\/\/gradskimuzej.subotica.rs\/wp-content\/uploads\/2021\/06\/aRSENIJE-gADZIC-2_kicsi-691x500.jpg 691w, https:\/\/gradskimuzej.subotica.rs\/wp-content\/uploads\/2021\/06\/aRSENIJE-gADZIC-2_kicsi-400x289.jpg 400w, https:\/\/gradskimuzej.subotica.rs\/wp-content\/uploads\/2021\/06\/aRSENIJE-gADZIC-2_kicsi-768x556.jpg 768w, https:\/\/gradskimuzej.subotica.rs\/wp-content\/uploads\/2021\/06\/aRSENIJE-gADZIC-2_kicsi.jpg 1280w\" sizes=\"(max-width: 1024px) 100vw, 1024px\" \/><\/a><\/figure><\/li><li class=\"blocks-gallery-item\"><figure><a href=\"https:\/\/gradskimuzej.subotica.rs\/wp-content\/uploads\/2021\/06\/BOROS-GYEVI-MAJA_kicsi.jpg\"><img loading=\"lazy\" decoding=\"async\" width=\"1024\" height=\"770\" src=\"https:\/\/gradskimuzej.subotica.rs\/wp-content\/uploads\/2021\/06\/BOROS-GYEVI-MAJA_kicsi-1024x770.jpg\" alt=\"\" data-id=\"3669\" data-full-url=\"https:\/\/gradskimuzej.subotica.rs\/wp-content\/uploads\/2021\/06\/BOROS-GYEVI-MAJA_kicsi.jpg\" data-link=\"https:\/\/gradskimuzej.subotica.rs\/?attachment_id=3669\" class=\"wp-image-3669\" srcset=\"https:\/\/gradskimuzej.subotica.rs\/wp-content\/uploads\/2021\/06\/BOROS-GYEVI-MAJA_kicsi-1024x770.jpg 1024w, https:\/\/gradskimuzej.subotica.rs\/wp-content\/uploads\/2021\/06\/BOROS-GYEVI-MAJA_kicsi-665x500.jpg 665w, https:\/\/gradskimuzej.subotica.rs\/wp-content\/uploads\/2021\/06\/BOROS-GYEVI-MAJA_kicsi-400x300.jpg 400w, https:\/\/gradskimuzej.subotica.rs\/wp-content\/uploads\/2021\/06\/BOROS-GYEVI-MAJA_kicsi-768x578.jpg 768w, https:\/\/gradskimuzej.subotica.rs\/wp-content\/uploads\/2021\/06\/BOROS-GYEVI-MAJA_kicsi.jpg 1280w\" sizes=\"(max-width: 1024px) 100vw, 1024px\" \/><\/a><\/figure><\/li><li class=\"blocks-gallery-item\"><figure><a href=\"https:\/\/gradskimuzej.subotica.rs\/wp-content\/uploads\/2021\/06\/Jovan-Dimitrov-1_kicsi.jpg\"><img loading=\"lazy\" decoding=\"async\" width=\"1024\" height=\"838\" src=\"https:\/\/gradskimuzej.subotica.rs\/wp-content\/uploads\/2021\/06\/Jovan-Dimitrov-1_kicsi-1024x838.jpg\" alt=\"\" data-id=\"3675\" data-full-url=\"https:\/\/gradskimuzej.subotica.rs\/wp-content\/uploads\/2021\/06\/Jovan-Dimitrov-1_kicsi.jpg\" data-link=\"https:\/\/gradskimuzej.subotica.rs\/?attachment_id=3675\" class=\"wp-image-3675\" srcset=\"https:\/\/gradskimuzej.subotica.rs\/wp-content\/uploads\/2021\/06\/Jovan-Dimitrov-1_kicsi-1024x838.jpg 1024w, https:\/\/gradskimuzej.subotica.rs\/wp-content\/uploads\/2021\/06\/Jovan-Dimitrov-1_kicsi-611x500.jpg 611w, https:\/\/gradskimuzej.subotica.rs\/wp-content\/uploads\/2021\/06\/Jovan-Dimitrov-1_kicsi-367x300.jpg 367w, https:\/\/gradskimuzej.subotica.rs\/wp-content\/uploads\/2021\/06\/Jovan-Dimitrov-1_kicsi-768x628.jpg 768w, https:\/\/gradskimuzej.subotica.rs\/wp-content\/uploads\/2021\/06\/Jovan-Dimitrov-1_kicsi.jpg 1280w\" sizes=\"(max-width: 1024px) 100vw, 1024px\" \/><\/a><\/figure><\/li><li class=\"blocks-gallery-item\"><figure><a href=\"https:\/\/gradskimuzej.subotica.rs\/wp-content\/uploads\/2021\/06\/Dario-Takac_kicsi.jpg\"><img loading=\"lazy\" decoding=\"async\" width=\"949\" height=\"1024\" src=\"https:\/\/gradskimuzej.subotica.rs\/wp-content\/uploads\/2021\/06\/Dario-Takac_kicsi-949x1024.jpg\" alt=\"\" data-id=\"3670\" data-full-url=\"https:\/\/gradskimuzej.subotica.rs\/wp-content\/uploads\/2021\/06\/Dario-Takac_kicsi.jpg\" data-link=\"https:\/\/gradskimuzej.subotica.rs\/?attachment_id=3670\" class=\"wp-image-3670\" srcset=\"https:\/\/gradskimuzej.subotica.rs\/wp-content\/uploads\/2021\/06\/Dario-Takac_kicsi-949x1024.jpg 949w, https:\/\/gradskimuzej.subotica.rs\/wp-content\/uploads\/2021\/06\/Dario-Takac_kicsi-463x500.jpg 463w, https:\/\/gradskimuzej.subotica.rs\/wp-content\/uploads\/2021\/06\/Dario-Takac_kicsi-278x300.jpg 278w, https:\/\/gradskimuzej.subotica.rs\/wp-content\/uploads\/2021\/06\/Dario-Takac_kicsi-768x829.jpg 768w, https:\/\/gradskimuzej.subotica.rs\/wp-content\/uploads\/2021\/06\/Dario-Takac_kicsi.jpg 1186w\" sizes=\"(max-width: 949px) 100vw, 949px\" \/><\/a><\/figure><\/li><li class=\"blocks-gallery-item\"><figure><a href=\"https:\/\/gradskimuzej.subotica.rs\/wp-content\/uploads\/2021\/06\/Aleksnadra-Ivic_kicsi.jpg\"><img loading=\"lazy\" decoding=\"async\" width=\"1024\" height=\"906\" src=\"https:\/\/gradskimuzej.subotica.rs\/wp-content\/uploads\/2021\/06\/Aleksnadra-Ivic_kicsi-1024x906.jpg\" alt=\"\" data-id=\"3664\" data-full-url=\"https:\/\/gradskimuzej.subotica.rs\/wp-content\/uploads\/2021\/06\/Aleksnadra-Ivic_kicsi.jpg\" data-link=\"https:\/\/gradskimuzej.subotica.rs\/?attachment_id=3664\" class=\"wp-image-3664\" srcset=\"https:\/\/gradskimuzej.subotica.rs\/wp-content\/uploads\/2021\/06\/Aleksnadra-Ivic_kicsi-1024x906.jpg 1024w, https:\/\/gradskimuzej.subotica.rs\/wp-content\/uploads\/2021\/06\/Aleksnadra-Ivic_kicsi-565x500.jpg 565w, https:\/\/gradskimuzej.subotica.rs\/wp-content\/uploads\/2021\/06\/Aleksnadra-Ivic_kicsi-339x300.jpg 339w, https:\/\/gradskimuzej.subotica.rs\/wp-content\/uploads\/2021\/06\/Aleksnadra-Ivic_kicsi-768x680.jpg 768w, https:\/\/gradskimuzej.subotica.rs\/wp-content\/uploads\/2021\/06\/Aleksnadra-Ivic_kicsi.jpg 1280w\" sizes=\"(max-width: 1024px) 100vw, 1024px\" \/><\/a><\/figure><\/li><li class=\"blocks-gallery-item\"><figure><a href=\"https:\/\/gradskimuzej.subotica.rs\/wp-content\/uploads\/2021\/06\/Mina-Lahsner_kicsi.jpg\"><img loading=\"lazy\" decoding=\"async\" width=\"1024\" height=\"1014\" src=\"https:\/\/gradskimuzej.subotica.rs\/wp-content\/uploads\/2021\/06\/Mina-Lahsner_kicsi-1024x1014.jpg\" alt=\"\" data-id=\"3687\" data-full-url=\"https:\/\/gradskimuzej.subotica.rs\/wp-content\/uploads\/2021\/06\/Mina-Lahsner_kicsi.jpg\" data-link=\"https:\/\/gradskimuzej.subotica.rs\/?attachment_id=3687\" class=\"wp-image-3687\" srcset=\"https:\/\/gradskimuzej.subotica.rs\/wp-content\/uploads\/2021\/06\/Mina-Lahsner_kicsi-1024x1014.jpg 1024w, https:\/\/gradskimuzej.subotica.rs\/wp-content\/uploads\/2021\/06\/Mina-Lahsner_kicsi-505x500.jpg 505w, https:\/\/gradskimuzej.subotica.rs\/wp-content\/uploads\/2021\/06\/Mina-Lahsner_kicsi-303x300.jpg 303w, https:\/\/gradskimuzej.subotica.rs\/wp-content\/uploads\/2021\/06\/Mina-Lahsner_kicsi-768x761.jpg 768w, https:\/\/gradskimuzej.subotica.rs\/wp-content\/uploads\/2021\/06\/Mina-Lahsner_kicsi.jpg 1280w\" sizes=\"(max-width: 1024px) 100vw, 1024px\" \/><\/a><\/figure><\/li><li class=\"blocks-gallery-item\"><figure><a href=\"https:\/\/gradskimuzej.subotica.rs\/wp-content\/uploads\/2021\/06\/Dunja-Cvijanov_kicsi.jpg\"><img loading=\"lazy\" decoding=\"async\" width=\"720\" height=\"1024\" src=\"https:\/\/gradskimuzej.subotica.rs\/wp-content\/uploads\/2021\/06\/Dunja-Cvijanov_kicsi-720x1024.jpg\" alt=\"\" data-id=\"3671\" data-full-url=\"https:\/\/gradskimuzej.subotica.rs\/wp-content\/uploads\/2021\/06\/Dunja-Cvijanov_kicsi.jpg\" data-link=\"https:\/\/gradskimuzej.subotica.rs\/?attachment_id=3671\" class=\"wp-image-3671\" srcset=\"https:\/\/gradskimuzej.subotica.rs\/wp-content\/uploads\/2021\/06\/Dunja-Cvijanov_kicsi-720x1024.jpg 720w, https:\/\/gradskimuzej.subotica.rs\/wp-content\/uploads\/2021\/06\/Dunja-Cvijanov_kicsi-352x500.jpg 352w, https:\/\/gradskimuzej.subotica.rs\/wp-content\/uploads\/2021\/06\/Dunja-Cvijanov_kicsi-211x300.jpg 211w, https:\/\/gradskimuzej.subotica.rs\/wp-content\/uploads\/2021\/06\/Dunja-Cvijanov_kicsi-768x1092.jpg 768w, https:\/\/gradskimuzej.subotica.rs\/wp-content\/uploads\/2021\/06\/Dunja-Cvijanov_kicsi.jpg 900w\" sizes=\"(max-width: 720px) 100vw, 720px\" \/><\/a><\/figure><\/li><li class=\"blocks-gallery-item\"><figure><a href=\"https:\/\/gradskimuzej.subotica.rs\/wp-content\/uploads\/2021\/06\/Stefan-Prcic_kicsi.jpg\"><img loading=\"lazy\" decoding=\"async\" width=\"642\" height=\"1024\" src=\"https:\/\/gradskimuzej.subotica.rs\/wp-content\/uploads\/2021\/06\/Stefan-Prcic_kicsi-642x1024.jpg\" alt=\"\" data-id=\"3689\" data-full-url=\"https:\/\/gradskimuzej.subotica.rs\/wp-content\/uploads\/2021\/06\/Stefan-Prcic_kicsi.jpg\" data-link=\"https:\/\/gradskimuzej.subotica.rs\/?attachment_id=3689\" class=\"wp-image-3689\" srcset=\"https:\/\/gradskimuzej.subotica.rs\/wp-content\/uploads\/2021\/06\/Stefan-Prcic_kicsi-642x1024.jpg 642w, https:\/\/gradskimuzej.subotica.rs\/wp-content\/uploads\/2021\/06\/Stefan-Prcic_kicsi-313x500.jpg 313w, https:\/\/gradskimuzej.subotica.rs\/wp-content\/uploads\/2021\/06\/Stefan-Prcic_kicsi-188x300.jpg 188w, https:\/\/gradskimuzej.subotica.rs\/wp-content\/uploads\/2021\/06\/Stefan-Prcic_kicsi-768x1226.jpg 768w, https:\/\/gradskimuzej.subotica.rs\/wp-content\/uploads\/2021\/06\/Stefan-Prcic_kicsi.jpg 802w\" sizes=\"(max-width: 642px) 100vw, 642px\" \/><\/a><\/figure><\/li><li class=\"blocks-gallery-item\"><figure><a href=\"https:\/\/gradskimuzej.subotica.rs\/wp-content\/uploads\/2021\/06\/Jovan-Dimitrov-2_kicsi.jpg\"><img loading=\"lazy\" decoding=\"async\" width=\"691\" height=\"1024\" src=\"https:\/\/gradskimuzej.subotica.rs\/wp-content\/uploads\/2021\/06\/Jovan-Dimitrov-2_kicsi-691x1024.jpg\" alt=\"\" data-id=\"3676\" data-full-url=\"https:\/\/gradskimuzej.subotica.rs\/wp-content\/uploads\/2021\/06\/Jovan-Dimitrov-2_kicsi.jpg\" data-link=\"https:\/\/gradskimuzej.subotica.rs\/?attachment_id=3676\" class=\"wp-image-3676\" srcset=\"https:\/\/gradskimuzej.subotica.rs\/wp-content\/uploads\/2021\/06\/Jovan-Dimitrov-2_kicsi-691x1024.jpg 691w, https:\/\/gradskimuzej.subotica.rs\/wp-content\/uploads\/2021\/06\/Jovan-Dimitrov-2_kicsi-338x500.jpg 338w, https:\/\/gradskimuzej.subotica.rs\/wp-content\/uploads\/2021\/06\/Jovan-Dimitrov-2_kicsi-203x300.jpg 203w, https:\/\/gradskimuzej.subotica.rs\/wp-content\/uploads\/2021\/06\/Jovan-Dimitrov-2_kicsi-768x1138.jpg 768w, https:\/\/gradskimuzej.subotica.rs\/wp-content\/uploads\/2021\/06\/Jovan-Dimitrov-2_kicsi.jpg 864w\" sizes=\"(max-width: 691px) 100vw, 691px\" \/><\/a><\/figure><\/li><li class=\"blocks-gallery-item\"><figure><a href=\"https:\/\/gradskimuzej.subotica.rs\/wp-content\/uploads\/2021\/06\/Ivan-Pisanic-2_kicsi.jpg\"><img loading=\"lazy\" decoding=\"async\" width=\"774\" height=\"1024\" src=\"https:\/\/gradskimuzej.subotica.rs\/wp-content\/uploads\/2021\/06\/Ivan-Pisanic-2_kicsi-774x1024.jpg\" alt=\"\" data-id=\"3674\" data-full-url=\"https:\/\/gradskimuzej.subotica.rs\/wp-content\/uploads\/2021\/06\/Ivan-Pisanic-2_kicsi.jpg\" data-link=\"https:\/\/gradskimuzej.subotica.rs\/?attachment_id=3674\" class=\"wp-image-3674\" srcset=\"https:\/\/gradskimuzej.subotica.rs\/wp-content\/uploads\/2021\/06\/Ivan-Pisanic-2_kicsi-774x1024.jpg 774w, https:\/\/gradskimuzej.subotica.rs\/wp-content\/uploads\/2021\/06\/Ivan-Pisanic-2_kicsi-378x500.jpg 378w, https:\/\/gradskimuzej.subotica.rs\/wp-content\/uploads\/2021\/06\/Ivan-Pisanic-2_kicsi-227x300.jpg 227w, https:\/\/gradskimuzej.subotica.rs\/wp-content\/uploads\/2021\/06\/Ivan-Pisanic-2_kicsi-768x1016.jpg 768w, https:\/\/gradskimuzej.subotica.rs\/wp-content\/uploads\/2021\/06\/Ivan-Pisanic-2_kicsi.jpg 968w\" sizes=\"(max-width: 774px) 100vw, 774px\" \/><\/a><\/figure><\/li><li class=\"blocks-gallery-item\"><figure><a href=\"https:\/\/gradskimuzej.subotica.rs\/wp-content\/uploads\/2021\/06\/Lena-Mizer_kicsi.jpg\"><img loading=\"lazy\" decoding=\"async\" width=\"986\" height=\"1024\" src=\"https:\/\/gradskimuzej.subotica.rs\/wp-content\/uploads\/2021\/06\/Lena-Mizer_kicsi-986x1024.jpg\" alt=\"\" data-id=\"3682\" data-full-url=\"https:\/\/gradskimuzej.subotica.rs\/wp-content\/uploads\/2021\/06\/Lena-Mizer_kicsi.jpg\" data-link=\"https:\/\/gradskimuzej.subotica.rs\/?attachment_id=3682\" class=\"wp-image-3682\" srcset=\"https:\/\/gradskimuzej.subotica.rs\/wp-content\/uploads\/2021\/06\/Lena-Mizer_kicsi-986x1024.jpg 986w, https:\/\/gradskimuzej.subotica.rs\/wp-content\/uploads\/2021\/06\/Lena-Mizer_kicsi-482x500.jpg 482w, https:\/\/gradskimuzej.subotica.rs\/wp-content\/uploads\/2021\/06\/Lena-Mizer_kicsi-289x300.jpg 289w, https:\/\/gradskimuzej.subotica.rs\/wp-content\/uploads\/2021\/06\/Lena-Mizer_kicsi-768x797.jpg 768w, https:\/\/gradskimuzej.subotica.rs\/wp-content\/uploads\/2021\/06\/Lena-Mizer_kicsi.jpg 1233w\" sizes=\"(max-width: 986px) 100vw, 986px\" \/><\/a><\/figure><\/li><li class=\"blocks-gallery-item\"><figure><a href=\"https:\/\/gradskimuzej.subotica.rs\/wp-content\/uploads\/2021\/06\/Lora-Vojin-Bozic_kicsi.jpg\"><img loading=\"lazy\" decoding=\"async\" width=\"784\" height=\"1024\" src=\"https:\/\/gradskimuzej.subotica.rs\/wp-content\/uploads\/2021\/06\/Lora-Vojin-Bozic_kicsi-784x1024.jpg\" alt=\"\" data-id=\"3683\" data-full-url=\"https:\/\/gradskimuzej.subotica.rs\/wp-content\/uploads\/2021\/06\/Lora-Vojin-Bozic_kicsi.jpg\" data-link=\"https:\/\/gradskimuzej.subotica.rs\/?attachment_id=3683\" class=\"wp-image-3683\" srcset=\"https:\/\/gradskimuzej.subotica.rs\/wp-content\/uploads\/2021\/06\/Lora-Vojin-Bozic_kicsi-784x1024.jpg 784w, https:\/\/gradskimuzej.subotica.rs\/wp-content\/uploads\/2021\/06\/Lora-Vojin-Bozic_kicsi-383x500.jpg 383w, https:\/\/gradskimuzej.subotica.rs\/wp-content\/uploads\/2021\/06\/Lora-Vojin-Bozic_kicsi-230x300.jpg 230w, https:\/\/gradskimuzej.subotica.rs\/wp-content\/uploads\/2021\/06\/Lora-Vojin-Bozic_kicsi-768x1003.jpg 768w, https:\/\/gradskimuzej.subotica.rs\/wp-content\/uploads\/2021\/06\/Lora-Vojin-Bozic_kicsi.jpg 980w\" sizes=\"(max-width: 784px) 100vw, 784px\" \/><\/a><\/figure><\/li><li class=\"blocks-gallery-item\"><figure><a href=\"https:\/\/gradskimuzej.subotica.rs\/wp-content\/uploads\/2021\/06\/GRUNCIC-LARA_kicsi.jpg\"><img loading=\"lazy\" decoding=\"async\" width=\"1024\" height=\"770\" src=\"https:\/\/gradskimuzej.subotica.rs\/wp-content\/uploads\/2021\/06\/GRUNCIC-LARA_kicsi-1024x770.jpg\" alt=\"\" data-id=\"3672\" data-full-url=\"https:\/\/gradskimuzej.subotica.rs\/wp-content\/uploads\/2021\/06\/GRUNCIC-LARA_kicsi.jpg\" data-link=\"https:\/\/gradskimuzej.subotica.rs\/?attachment_id=3672\" class=\"wp-image-3672\" srcset=\"https:\/\/gradskimuzej.subotica.rs\/wp-content\/uploads\/2021\/06\/GRUNCIC-LARA_kicsi-1024x770.jpg 1024w, https:\/\/gradskimuzej.subotica.rs\/wp-content\/uploads\/2021\/06\/GRUNCIC-LARA_kicsi-665x500.jpg 665w, https:\/\/gradskimuzej.subotica.rs\/wp-content\/uploads\/2021\/06\/GRUNCIC-LARA_kicsi-400x300.jpg 400w, https:\/\/gradskimuzej.subotica.rs\/wp-content\/uploads\/2021\/06\/GRUNCIC-LARA_kicsi-768x578.jpg 768w, https:\/\/gradskimuzej.subotica.rs\/wp-content\/uploads\/2021\/06\/GRUNCIC-LARA_kicsi.jpg 1280w\" sizes=\"(max-width: 1024px) 100vw, 1024px\" \/><\/a><\/figure><\/li><li class=\"blocks-gallery-item\"><figure><a href=\"https:\/\/gradskimuzej.subotica.rs\/wp-content\/uploads\/2021\/06\/Jovan-Dimitrov-3_kicsi.jpg\"><img loading=\"lazy\" decoding=\"async\" width=\"1024\" height=\"838\" src=\"https:\/\/gradskimuzej.subotica.rs\/wp-content\/uploads\/2021\/06\/Jovan-Dimitrov-3_kicsi-1024x838.jpg\" alt=\"\" data-id=\"3677\" data-full-url=\"https:\/\/gradskimuzej.subotica.rs\/wp-content\/uploads\/2021\/06\/Jovan-Dimitrov-3_kicsi.jpg\" data-link=\"https:\/\/gradskimuzej.subotica.rs\/?attachment_id=3677\" class=\"wp-image-3677\" srcset=\"https:\/\/gradskimuzej.subotica.rs\/wp-content\/uploads\/2021\/06\/Jovan-Dimitrov-3_kicsi-1024x838.jpg 1024w, https:\/\/gradskimuzej.subotica.rs\/wp-content\/uploads\/2021\/06\/Jovan-Dimitrov-3_kicsi-611x500.jpg 611w, https:\/\/gradskimuzej.subotica.rs\/wp-content\/uploads\/2021\/06\/Jovan-Dimitrov-3_kicsi-367x300.jpg 367w, https:\/\/gradskimuzej.subotica.rs\/wp-content\/uploads\/2021\/06\/Jovan-Dimitrov-3_kicsi-768x628.jpg 768w, https:\/\/gradskimuzej.subotica.rs\/wp-content\/uploads\/2021\/06\/Jovan-Dimitrov-3_kicsi.jpg 1280w\" sizes=\"(max-width: 1024px) 100vw, 1024px\" \/><\/a><\/figure><\/li><li class=\"blocks-gallery-item\"><figure><a href=\"https:\/\/gradskimuzej.subotica.rs\/wp-content\/uploads\/2021\/06\/Jovan-Kovacevic_kicsi.jpg\"><img loading=\"lazy\" decoding=\"async\" width=\"1024\" height=\"838\" src=\"https:\/\/gradskimuzej.subotica.rs\/wp-content\/uploads\/2021\/06\/Jovan-Kovacevic_kicsi-1024x838.jpg\" alt=\"\" data-id=\"3678\" data-full-url=\"https:\/\/gradskimuzej.subotica.rs\/wp-content\/uploads\/2021\/06\/Jovan-Kovacevic_kicsi.jpg\" data-link=\"https:\/\/gradskimuzej.subotica.rs\/?attachment_id=3678\" class=\"wp-image-3678\" srcset=\"https:\/\/gradskimuzej.subotica.rs\/wp-content\/uploads\/2021\/06\/Jovan-Kovacevic_kicsi-1024x838.jpg 1024w, https:\/\/gradskimuzej.subotica.rs\/wp-content\/uploads\/2021\/06\/Jovan-Kovacevic_kicsi-611x500.jpg 611w, https:\/\/gradskimuzej.subotica.rs\/wp-content\/uploads\/2021\/06\/Jovan-Kovacevic_kicsi-367x300.jpg 367w, https:\/\/gradskimuzej.subotica.rs\/wp-content\/uploads\/2021\/06\/Jovan-Kovacevic_kicsi-768x628.jpg 768w, https:\/\/gradskimuzej.subotica.rs\/wp-content\/uploads\/2021\/06\/Jovan-Kovacevic_kicsi.jpg 1280w\" sizes=\"(max-width: 1024px) 100vw, 1024px\" \/><\/a><\/figure><\/li><li class=\"blocks-gallery-item\"><figure><a href=\"https:\/\/gradskimuzej.subotica.rs\/wp-content\/uploads\/2021\/06\/Jovana-Radnic-1_kicsi.jpg\"><img loading=\"lazy\" decoding=\"async\" width=\"1024\" height=\"770\" src=\"https:\/\/gradskimuzej.subotica.rs\/wp-content\/uploads\/2021\/06\/Jovana-Radnic-1_kicsi-1024x770.jpg\" alt=\"\" data-id=\"3679\" data-full-url=\"https:\/\/gradskimuzej.subotica.rs\/wp-content\/uploads\/2021\/06\/Jovana-Radnic-1_kicsi.jpg\" data-link=\"https:\/\/gradskimuzej.subotica.rs\/?attachment_id=3679\" class=\"wp-image-3679\" srcset=\"https:\/\/gradskimuzej.subotica.rs\/wp-content\/uploads\/2021\/06\/Jovana-Radnic-1_kicsi-1024x770.jpg 1024w, https:\/\/gradskimuzej.subotica.rs\/wp-content\/uploads\/2021\/06\/Jovana-Radnic-1_kicsi-665x500.jpg 665w, https:\/\/gradskimuzej.subotica.rs\/wp-content\/uploads\/2021\/06\/Jovana-Radnic-1_kicsi-400x300.jpg 400w, https:\/\/gradskimuzej.subotica.rs\/wp-content\/uploads\/2021\/06\/Jovana-Radnic-1_kicsi-768x578.jpg 768w, https:\/\/gradskimuzej.subotica.rs\/wp-content\/uploads\/2021\/06\/Jovana-Radnic-1_kicsi.jpg 1280w\" sizes=\"(max-width: 1024px) 100vw, 1024px\" \/><\/a><\/figure><\/li><li class=\"blocks-gallery-item\"><figure><a href=\"https:\/\/gradskimuzej.subotica.rs\/wp-content\/uploads\/2021\/06\/Jovana-Radnic-2_kicsi.jpg\"><img loading=\"lazy\" decoding=\"async\" width=\"1024\" height=\"770\" src=\"https:\/\/gradskimuzej.subotica.rs\/wp-content\/uploads\/2021\/06\/Jovana-Radnic-2_kicsi-1024x770.jpg\" alt=\"\" data-id=\"3680\" data-full-url=\"https:\/\/gradskimuzej.subotica.rs\/wp-content\/uploads\/2021\/06\/Jovana-Radnic-2_kicsi.jpg\" data-link=\"https:\/\/gradskimuzej.subotica.rs\/?attachment_id=3680\" class=\"wp-image-3680\" srcset=\"https:\/\/gradskimuzej.subotica.rs\/wp-content\/uploads\/2021\/06\/Jovana-Radnic-2_kicsi-1024x770.jpg 1024w, https:\/\/gradskimuzej.subotica.rs\/wp-content\/uploads\/2021\/06\/Jovana-Radnic-2_kicsi-665x500.jpg 665w, https:\/\/gradskimuzej.subotica.rs\/wp-content\/uploads\/2021\/06\/Jovana-Radnic-2_kicsi-400x300.jpg 400w, https:\/\/gradskimuzej.subotica.rs\/wp-content\/uploads\/2021\/06\/Jovana-Radnic-2_kicsi-768x578.jpg 768w, https:\/\/gradskimuzej.subotica.rs\/wp-content\/uploads\/2021\/06\/Jovana-Radnic-2_kicsi.jpg 1280w\" sizes=\"(max-width: 1024px) 100vw, 1024px\" \/><\/a><\/figure><\/li><li class=\"blocks-gallery-item\"><figure><a href=\"https:\/\/gradskimuzej.subotica.rs\/wp-content\/uploads\/2021\/06\/KOVACS-JAZMIN_kicsi.jpg\"><img loading=\"lazy\" decoding=\"async\" width=\"1024\" height=\"770\" src=\"https:\/\/gradskimuzej.subotica.rs\/wp-content\/uploads\/2021\/06\/KOVACS-JAZMIN_kicsi-1024x770.jpg\" alt=\"\" data-id=\"3681\" data-full-url=\"https:\/\/gradskimuzej.subotica.rs\/wp-content\/uploads\/2021\/06\/KOVACS-JAZMIN_kicsi.jpg\" data-link=\"https:\/\/gradskimuzej.subotica.rs\/?attachment_id=3681\" class=\"wp-image-3681\" srcset=\"https:\/\/gradskimuzej.subotica.rs\/wp-content\/uploads\/2021\/06\/KOVACS-JAZMIN_kicsi-1024x770.jpg 1024w, https:\/\/gradskimuzej.subotica.rs\/wp-content\/uploads\/2021\/06\/KOVACS-JAZMIN_kicsi-665x500.jpg 665w, https:\/\/gradskimuzej.subotica.rs\/wp-content\/uploads\/2021\/06\/KOVACS-JAZMIN_kicsi-400x300.jpg 400w, https:\/\/gradskimuzej.subotica.rs\/wp-content\/uploads\/2021\/06\/KOVACS-JAZMIN_kicsi-768x578.jpg 768w, https:\/\/gradskimuzej.subotica.rs\/wp-content\/uploads\/2021\/06\/KOVACS-JAZMIN_kicsi.jpg 1280w\" sizes=\"(max-width: 1024px) 100vw, 1024px\" \/><\/a><\/figure><\/li><li class=\"blocks-gallery-item\"><figure><a href=\"https:\/\/gradskimuzej.subotica.rs\/wp-content\/uploads\/2021\/06\/Milena-Vig-1_kicsi.jpg\"><img loading=\"lazy\" decoding=\"async\" width=\"1024\" height=\"770\" src=\"https:\/\/gradskimuzej.subotica.rs\/wp-content\/uploads\/2021\/06\/Milena-Vig-1_kicsi-1024x770.jpg\" alt=\"\" data-id=\"3684\" data-full-url=\"https:\/\/gradskimuzej.subotica.rs\/wp-content\/uploads\/2021\/06\/Milena-Vig-1_kicsi.jpg\" data-link=\"https:\/\/gradskimuzej.subotica.rs\/?attachment_id=3684\" class=\"wp-image-3684\" srcset=\"https:\/\/gradskimuzej.subotica.rs\/wp-content\/uploads\/2021\/06\/Milena-Vig-1_kicsi-1024x770.jpg 1024w, https:\/\/gradskimuzej.subotica.rs\/wp-content\/uploads\/2021\/06\/Milena-Vig-1_kicsi-665x500.jpg 665w, https:\/\/gradskimuzej.subotica.rs\/wp-content\/uploads\/2021\/06\/Milena-Vig-1_kicsi-400x300.jpg 400w, https:\/\/gradskimuzej.subotica.rs\/wp-content\/uploads\/2021\/06\/Milena-Vig-1_kicsi-768x578.jpg 768w, https:\/\/gradskimuzej.subotica.rs\/wp-content\/uploads\/2021\/06\/Milena-Vig-1_kicsi.jpg 1280w\" sizes=\"(max-width: 1024px) 100vw, 1024px\" \/><\/a><\/figure><\/li><li class=\"blocks-gallery-item\"><figure><a href=\"https:\/\/gradskimuzej.subotica.rs\/wp-content\/uploads\/2021\/06\/Milena-Vig-2_kicsi.jpg\"><img loading=\"lazy\" decoding=\"async\" width=\"1024\" height=\"770\" src=\"https:\/\/gradskimuzej.subotica.rs\/wp-content\/uploads\/2021\/06\/Milena-Vig-2_kicsi-1024x770.jpg\" alt=\"\" data-id=\"3685\" data-full-url=\"https:\/\/gradskimuzej.subotica.rs\/wp-content\/uploads\/2021\/06\/Milena-Vig-2_kicsi.jpg\" data-link=\"https:\/\/gradskimuzej.subotica.rs\/?attachment_id=3685\" class=\"wp-image-3685\" srcset=\"https:\/\/gradskimuzej.subotica.rs\/wp-content\/uploads\/2021\/06\/Milena-Vig-2_kicsi-1024x770.jpg 1024w, https:\/\/gradskimuzej.subotica.rs\/wp-content\/uploads\/2021\/06\/Milena-Vig-2_kicsi-665x500.jpg 665w, https:\/\/gradskimuzej.subotica.rs\/wp-content\/uploads\/2021\/06\/Milena-Vig-2_kicsi-400x300.jpg 400w, https:\/\/gradskimuzej.subotica.rs\/wp-content\/uploads\/2021\/06\/Milena-Vig-2_kicsi-768x578.jpg 768w, https:\/\/gradskimuzej.subotica.rs\/wp-content\/uploads\/2021\/06\/Milena-Vig-2_kicsi.jpg 1280w\" sizes=\"(max-width: 1024px) 100vw, 1024px\" \/><\/a><\/figure><\/li><li class=\"blocks-gallery-item\"><figure><a href=\"https:\/\/gradskimuzej.subotica.rs\/wp-content\/uploads\/2021\/06\/Milena-Vig-3_kicsi.jpg\"><img loading=\"lazy\" decoding=\"async\" width=\"1024\" height=\"770\" src=\"https:\/\/gradskimuzej.subotica.rs\/wp-content\/uploads\/2021\/06\/Milena-Vig-3_kicsi-1024x770.jpg\" alt=\"\" data-id=\"3686\" data-full-url=\"https:\/\/gradskimuzej.subotica.rs\/wp-content\/uploads\/2021\/06\/Milena-Vig-3_kicsi.jpg\" data-link=\"https:\/\/gradskimuzej.subotica.rs\/?attachment_id=3686\" class=\"wp-image-3686\" srcset=\"https:\/\/gradskimuzej.subotica.rs\/wp-content\/uploads\/2021\/06\/Milena-Vig-3_kicsi-1024x770.jpg 1024w, https:\/\/gradskimuzej.subotica.rs\/wp-content\/uploads\/2021\/06\/Milena-Vig-3_kicsi-665x500.jpg 665w, https:\/\/gradskimuzej.subotica.rs\/wp-content\/uploads\/2021\/06\/Milena-Vig-3_kicsi-400x300.jpg 400w, https:\/\/gradskimuzej.subotica.rs\/wp-content\/uploads\/2021\/06\/Milena-Vig-3_kicsi-768x578.jpg 768w, https:\/\/gradskimuzej.subotica.rs\/wp-content\/uploads\/2021\/06\/Milena-Vig-3_kicsi.jpg 1280w\" sizes=\"(max-width: 1024px) 100vw, 1024px\" \/><\/a><\/figure><\/li><li class=\"blocks-gallery-item\"><figure><a href=\"https:\/\/gradskimuzej.subotica.rs\/wp-content\/uploads\/2021\/06\/Ivan-Pisanic-1_kicsi.jpg\"><img loading=\"lazy\" decoding=\"async\" width=\"1024\" height=\"666\" src=\"https:\/\/gradskimuzej.subotica.rs\/wp-content\/uploads\/2021\/06\/Ivan-Pisanic-1_kicsi-1024x666.jpg\" alt=\"\" data-id=\"3673\" data-full-url=\"https:\/\/gradskimuzej.subotica.rs\/wp-content\/uploads\/2021\/06\/Ivan-Pisanic-1_kicsi.jpg\" data-link=\"https:\/\/gradskimuzej.subotica.rs\/?attachment_id=3673\" class=\"wp-image-3673\" srcset=\"https:\/\/gradskimuzej.subotica.rs\/wp-content\/uploads\/2021\/06\/Ivan-Pisanic-1_kicsi-1024x666.jpg 1024w, https:\/\/gradskimuzej.subotica.rs\/wp-content\/uploads\/2021\/06\/Ivan-Pisanic-1_kicsi-769x500.jpg 769w, https:\/\/gradskimuzej.subotica.rs\/wp-content\/uploads\/2021\/06\/Ivan-Pisanic-1_kicsi-400x260.jpg 400w, https:\/\/gradskimuzej.subotica.rs\/wp-content\/uploads\/2021\/06\/Ivan-Pisanic-1_kicsi-768x499.jpg 768w, https:\/\/gradskimuzej.subotica.rs\/wp-content\/uploads\/2021\/06\/Ivan-Pisanic-1_kicsi.jpg 1280w\" sizes=\"(max-width: 1024px) 100vw, 1024px\" \/><\/a><\/figure><\/li><li class=\"blocks-gallery-item\"><figure><a href=\"https:\/\/gradskimuzej.subotica.rs\/wp-content\/uploads\/2021\/06\/Sonja-Rehak_kicsi.jpg\"><img loading=\"lazy\" decoding=\"async\" width=\"1024\" height=\"633\" src=\"https:\/\/gradskimuzej.subotica.rs\/wp-content\/uploads\/2021\/06\/Sonja-Rehak_kicsi-1024x633.jpg\" alt=\"\" data-id=\"3688\" data-full-url=\"https:\/\/gradskimuzej.subotica.rs\/wp-content\/uploads\/2021\/06\/Sonja-Rehak_kicsi.jpg\" data-link=\"https:\/\/gradskimuzej.subotica.rs\/?attachment_id=3688\" class=\"wp-image-3688\" srcset=\"https:\/\/gradskimuzej.subotica.rs\/wp-content\/uploads\/2021\/06\/Sonja-Rehak_kicsi-1024x633.jpg 1024w, https:\/\/gradskimuzej.subotica.rs\/wp-content\/uploads\/2021\/06\/Sonja-Rehak_kicsi-800x494.jpg 800w, https:\/\/gradskimuzej.subotica.rs\/wp-content\/uploads\/2021\/06\/Sonja-Rehak_kicsi-400x247.jpg 400w, https:\/\/gradskimuzej.subotica.rs\/wp-content\/uploads\/2021\/06\/Sonja-Rehak_kicsi-768x475.jpg 768w, https:\/\/gradskimuzej.subotica.rs\/wp-content\/uploads\/2021\/06\/Sonja-Rehak_kicsi.jpg 1280w\" sizes=\"(max-width: 1024px) 100vw, 1024px\" \/><\/a><\/figure><\/li><li class=\"blocks-gallery-item\"><figure><a href=\"https:\/\/gradskimuzej.subotica.rs\/wp-content\/uploads\/2021\/06\/Uros-Josic_kicsi.jpg\"><img loading=\"lazy\" decoding=\"async\" width=\"1024\" height=\"770\" src=\"https:\/\/gradskimuzej.subotica.rs\/wp-content\/uploads\/2021\/06\/Uros-Josic_kicsi-1024x770.jpg\" alt=\"\" data-id=\"3690\" data-full-url=\"https:\/\/gradskimuzej.subotica.rs\/wp-content\/uploads\/2021\/06\/Uros-Josic_kicsi.jpg\" data-link=\"https:\/\/gradskimuzej.subotica.rs\/?attachment_id=3690\" class=\"wp-image-3690\" srcset=\"https:\/\/gradskimuzej.subotica.rs\/wp-content\/uploads\/2021\/06\/Uros-Josic_kicsi-1024x770.jpg 1024w, https:\/\/gradskimuzej.subotica.rs\/wp-content\/uploads\/2021\/06\/Uros-Josic_kicsi-665x500.jpg 665w, https:\/\/gradskimuzej.subotica.rs\/wp-content\/uploads\/2021\/06\/Uros-Josic_kicsi-400x300.jpg 400w, https:\/\/gradskimuzej.subotica.rs\/wp-content\/uploads\/2021\/06\/Uros-Josic_kicsi-768x578.jpg 768w, https:\/\/gradskimuzej.subotica.rs\/wp-content\/uploads\/2021\/06\/Uros-Josic_kicsi.jpg 1280w\" sizes=\"(max-width: 1024px) 100vw, 1024px\" \/><\/a><\/figure><\/li><\/ul><\/figure>\n\n\n\n<figure class=\"wp-block-gallery columns-5 is-cropped wp-block-gallery-2 is-layout-flex wp-block-gallery-is-layout-flex\"><ul class=\"blocks-gallery-grid\"><li class=\"blocks-gallery-item\"><figure><a href=\"https:\/\/gradskimuzej.subotica.rs\/wp-content\/uploads\/2021\/06\/2_kicsi.jpg\"><img loading=\"lazy\" decoding=\"async\" width=\"1024\" height=\"682\" src=\"https:\/\/gradskimuzej.subotica.rs\/wp-content\/uploads\/2021\/06\/2_kicsi-1024x682.jpg\" alt=\"\" data-id=\"3691\" data-full-url=\"https:\/\/gradskimuzej.subotica.rs\/wp-content\/uploads\/2021\/06\/2_kicsi.jpg\" data-link=\"https:\/\/gradskimuzej.subotica.rs\/?attachment_id=3691\" class=\"wp-image-3691\" srcset=\"https:\/\/gradskimuzej.subotica.rs\/wp-content\/uploads\/2021\/06\/2_kicsi-1024x682.jpg 1024w, https:\/\/gradskimuzej.subotica.rs\/wp-content\/uploads\/2021\/06\/2_kicsi-750x500.jpg 750w, https:\/\/gradskimuzej.subotica.rs\/wp-content\/uploads\/2021\/06\/2_kicsi-400x267.jpg 400w, https:\/\/gradskimuzej.subotica.rs\/wp-content\/uploads\/2021\/06\/2_kicsi-768x512.jpg 768w, https:\/\/gradskimuzej.subotica.rs\/wp-content\/uploads\/2021\/06\/2_kicsi.jpg 1280w\" sizes=\"(max-width: 1024px) 100vw, 1024px\" \/><\/a><\/figure><\/li><li class=\"blocks-gallery-item\"><figure><a href=\"https:\/\/gradskimuzej.subotica.rs\/wp-content\/uploads\/2021\/06\/4_kicsi.jpg\"><img loading=\"lazy\" decoding=\"async\" width=\"1024\" height=\"682\" src=\"https:\/\/gradskimuzej.subotica.rs\/wp-content\/uploads\/2021\/06\/4_kicsi-1024x682.jpg\" alt=\"\" data-id=\"3692\" data-full-url=\"https:\/\/gradskimuzej.subotica.rs\/wp-content\/uploads\/2021\/06\/4_kicsi.jpg\" data-link=\"https:\/\/gradskimuzej.subotica.rs\/?attachment_id=3692\" class=\"wp-image-3692\" srcset=\"https:\/\/gradskimuzej.subotica.rs\/wp-content\/uploads\/2021\/06\/4_kicsi-1024x682.jpg 1024w, https:\/\/gradskimuzej.subotica.rs\/wp-content\/uploads\/2021\/06\/4_kicsi-750x500.jpg 750w, https:\/\/gradskimuzej.subotica.rs\/wp-content\/uploads\/2021\/06\/4_kicsi-400x267.jpg 400w, https:\/\/gradskimuzej.subotica.rs\/wp-content\/uploads\/2021\/06\/4_kicsi-768x512.jpg 768w, https:\/\/gradskimuzej.subotica.rs\/wp-content\/uploads\/2021\/06\/4_kicsi.jpg 1280w\" sizes=\"(max-width: 1024px) 100vw, 1024px\" \/><\/a><\/figure><\/li><li class=\"blocks-gallery-item\"><figure><a href=\"https:\/\/gradskimuzej.subotica.rs\/wp-content\/uploads\/2021\/06\/5_kicsi.jpg\"><img loading=\"lazy\" decoding=\"async\" width=\"1024\" height=\"682\" src=\"https:\/\/gradskimuzej.subotica.rs\/wp-content\/uploads\/2021\/06\/5_kicsi-1024x682.jpg\" alt=\"\" data-id=\"3693\" data-full-url=\"https:\/\/gradskimuzej.subotica.rs\/wp-content\/uploads\/2021\/06\/5_kicsi.jpg\" data-link=\"https:\/\/gradskimuzej.subotica.rs\/?attachment_id=3693\" class=\"wp-image-3693\" srcset=\"https:\/\/gradskimuzej.subotica.rs\/wp-content\/uploads\/2021\/06\/5_kicsi-1024x682.jpg 1024w, https:\/\/gradskimuzej.subotica.rs\/wp-content\/uploads\/2021\/06\/5_kicsi-750x500.jpg 750w, https:\/\/gradskimuzej.subotica.rs\/wp-content\/uploads\/2021\/06\/5_kicsi-400x267.jpg 400w, https:\/\/gradskimuzej.subotica.rs\/wp-content\/uploads\/2021\/06\/5_kicsi-768x512.jpg 768w, https:\/\/gradskimuzej.subotica.rs\/wp-content\/uploads\/2021\/06\/5_kicsi.jpg 1280w\" sizes=\"(max-width: 1024px) 100vw, 1024px\" \/><\/a><\/figure><\/li><li class=\"blocks-gallery-item\"><figure><a href=\"https:\/\/gradskimuzej.subotica.rs\/wp-content\/uploads\/2021\/06\/7_kicsi.jpg\"><img loading=\"lazy\" decoding=\"async\" width=\"731\" height=\"1024\" src=\"https:\/\/gradskimuzej.subotica.rs\/wp-content\/uploads\/2021\/06\/7_kicsi-731x1024.jpg\" alt=\"\" data-id=\"3694\" data-full-url=\"https:\/\/gradskimuzej.subotica.rs\/wp-content\/uploads\/2021\/06\/7_kicsi.jpg\" data-link=\"https:\/\/gradskimuzej.subotica.rs\/?attachment_id=3694\" class=\"wp-image-3694\" srcset=\"https:\/\/gradskimuzej.subotica.rs\/wp-content\/uploads\/2021\/06\/7_kicsi-731x1024.jpg 731w, https:\/\/gradskimuzej.subotica.rs\/wp-content\/uploads\/2021\/06\/7_kicsi-357x500.jpg 357w, https:\/\/gradskimuzej.subotica.rs\/wp-content\/uploads\/2021\/06\/7_kicsi-214x300.jpg 214w, https:\/\/gradskimuzej.subotica.rs\/wp-content\/uploads\/2021\/06\/7_kicsi-768x1076.jpg 768w, https:\/\/gradskimuzej.subotica.rs\/wp-content\/uploads\/2021\/06\/7_kicsi.jpg 914w\" sizes=\"(max-width: 731px) 100vw, 731px\" \/><\/a><\/figure><\/li><li class=\"blocks-gallery-item\"><figure><a href=\"https:\/\/gradskimuzej.subotica.rs\/wp-content\/uploads\/2021\/06\/8_kicsi.jpg\"><img loading=\"lazy\" decoding=\"async\" width=\"1024\" height=\"682\" src=\"https:\/\/gradskimuzej.subotica.rs\/wp-content\/uploads\/2021\/06\/8_kicsi-1024x682.jpg\" alt=\"\" data-id=\"3695\" data-full-url=\"https:\/\/gradskimuzej.subotica.rs\/wp-content\/uploads\/2021\/06\/8_kicsi.jpg\" data-link=\"https:\/\/gradskimuzej.subotica.rs\/?attachment_id=3695\" class=\"wp-image-3695\" srcset=\"https:\/\/gradskimuzej.subotica.rs\/wp-content\/uploads\/2021\/06\/8_kicsi-1024x682.jpg 1024w, https:\/\/gradskimuzej.subotica.rs\/wp-content\/uploads\/2021\/06\/8_kicsi-750x500.jpg 750w, https:\/\/gradskimuzej.subotica.rs\/wp-content\/uploads\/2021\/06\/8_kicsi-400x267.jpg 400w, https:\/\/gradskimuzej.subotica.rs\/wp-content\/uploads\/2021\/06\/8_kicsi-768x512.jpg 768w, https:\/\/gradskimuzej.subotica.rs\/wp-content\/uploads\/2021\/06\/8_kicsi.jpg 1280w\" sizes=\"(max-width: 1024px) 100vw, 1024px\" \/><\/a><\/figure><\/li><li class=\"blocks-gallery-item\"><figure><a href=\"https:\/\/gradskimuzej.subotica.rs\/wp-content\/uploads\/2021\/06\/9-2_kicsi.jpg\"><img loading=\"lazy\" decoding=\"async\" width=\"1024\" height=\"768\" src=\"https:\/\/gradskimuzej.subotica.rs\/wp-content\/uploads\/2021\/06\/9-2_kicsi-1024x768.jpg\" alt=\"\" data-id=\"3696\" data-full-url=\"https:\/\/gradskimuzej.subotica.rs\/wp-content\/uploads\/2021\/06\/9-2_kicsi.jpg\" data-link=\"https:\/\/gradskimuzej.subotica.rs\/?attachment_id=3696\" class=\"wp-image-3696\" srcset=\"https:\/\/gradskimuzej.subotica.rs\/wp-content\/uploads\/2021\/06\/9-2_kicsi-1024x768.jpg 1024w, https:\/\/gradskimuzej.subotica.rs\/wp-content\/uploads\/2021\/06\/9-2_kicsi-667x500.jpg 667w, https:\/\/gradskimuzej.subotica.rs\/wp-content\/uploads\/2021\/06\/9-2_kicsi-400x300.jpg 400w, https:\/\/gradskimuzej.subotica.rs\/wp-content\/uploads\/2021\/06\/9-2_kicsi-768x576.jpg 768w, https:\/\/gradskimuzej.subotica.rs\/wp-content\/uploads\/2021\/06\/9-2_kicsi.jpg 1280w\" sizes=\"(max-width: 1024px) 100vw, 1024px\" \/><\/a><\/figure><\/li><li class=\"blocks-gallery-item\"><figure><a href=\"https:\/\/gradskimuzej.subotica.rs\/wp-content\/uploads\/2021\/06\/10_kicsi.jpg\"><img loading=\"lazy\" decoding=\"async\" width=\"1024\" height=\"768\" src=\"https:\/\/gradskimuzej.subotica.rs\/wp-content\/uploads\/2021\/06\/10_kicsi-1024x768.jpg\" alt=\"\" data-id=\"3697\" data-full-url=\"https:\/\/gradskimuzej.subotica.rs\/wp-content\/uploads\/2021\/06\/10_kicsi.jpg\" data-link=\"https:\/\/gradskimuzej.subotica.rs\/?attachment_id=3697\" class=\"wp-image-3697\" srcset=\"https:\/\/gradskimuzej.subotica.rs\/wp-content\/uploads\/2021\/06\/10_kicsi-1024x768.jpg 1024w, https:\/\/gradskimuzej.subotica.rs\/wp-content\/uploads\/2021\/06\/10_kicsi-667x500.jpg 667w, https:\/\/gradskimuzej.subotica.rs\/wp-content\/uploads\/2021\/06\/10_kicsi-400x300.jpg 400w, https:\/\/gradskimuzej.subotica.rs\/wp-content\/uploads\/2021\/06\/10_kicsi-768x576.jpg 768w, https:\/\/gradskimuzej.subotica.rs\/wp-content\/uploads\/2021\/06\/10_kicsi.jpg 1280w\" sizes=\"(max-width: 1024px) 100vw, 1024px\" \/><\/a><\/figure><\/li><li class=\"blocks-gallery-item\"><figure><a href=\"https:\/\/gradskimuzej.subotica.rs\/wp-content\/uploads\/2021\/06\/11_kicsi.jpg\"><img loading=\"lazy\" decoding=\"async\" width=\"1024\" height=\"768\" src=\"https:\/\/gradskimuzej.subotica.rs\/wp-content\/uploads\/2021\/06\/11_kicsi-1024x768.jpg\" alt=\"\" data-id=\"3698\" data-full-url=\"https:\/\/gradskimuzej.subotica.rs\/wp-content\/uploads\/2021\/06\/11_kicsi.jpg\" data-link=\"https:\/\/gradskimuzej.subotica.rs\/?attachment_id=3698\" class=\"wp-image-3698\" srcset=\"https:\/\/gradskimuzej.subotica.rs\/wp-content\/uploads\/2021\/06\/11_kicsi-1024x768.jpg 1024w, https:\/\/gradskimuzej.subotica.rs\/wp-content\/uploads\/2021\/06\/11_kicsi-667x500.jpg 667w, https:\/\/gradskimuzej.subotica.rs\/wp-content\/uploads\/2021\/06\/11_kicsi-400x300.jpg 400w, https:\/\/gradskimuzej.subotica.rs\/wp-content\/uploads\/2021\/06\/11_kicsi-768x576.jpg 768w, https:\/\/gradskimuzej.subotica.rs\/wp-content\/uploads\/2021\/06\/11_kicsi.jpg 1280w\" sizes=\"(max-width: 1024px) 100vw, 1024px\" \/><\/a><\/figure><\/li><li class=\"blocks-gallery-item\"><figure><a href=\"https:\/\/gradskimuzej.subotica.rs\/wp-content\/uploads\/2021\/06\/12_kicsi.jpg\"><img loading=\"lazy\" decoding=\"async\" width=\"562\" height=\"1024\" src=\"https:\/\/gradskimuzej.subotica.rs\/wp-content\/uploads\/2021\/06\/12_kicsi-562x1024.jpg\" alt=\"\" data-id=\"3699\" data-full-url=\"https:\/\/gradskimuzej.subotica.rs\/wp-content\/uploads\/2021\/06\/12_kicsi.jpg\" data-link=\"https:\/\/gradskimuzej.subotica.rs\/?attachment_id=3699\" class=\"wp-image-3699\" srcset=\"https:\/\/gradskimuzej.subotica.rs\/wp-content\/uploads\/2021\/06\/12_kicsi-562x1024.jpg 562w, https:\/\/gradskimuzej.subotica.rs\/wp-content\/uploads\/2021\/06\/12_kicsi-275x500.jpg 275w, https:\/\/gradskimuzej.subotica.rs\/wp-content\/uploads\/2021\/06\/12_kicsi-165x300.jpg 165w, https:\/\/gradskimuzej.subotica.rs\/wp-content\/uploads\/2021\/06\/12_kicsi.jpg 703w\" sizes=\"(max-width: 562px) 100vw, 562px\" \/><\/a><\/figure><\/li><li class=\"blocks-gallery-item\"><figure><a href=\"https:\/\/gradskimuzej.subotica.rs\/wp-content\/uploads\/2021\/06\/13_kicsi.jpg\"><img loading=\"lazy\" decoding=\"async\" width=\"1024\" height=\"682\" src=\"https:\/\/gradskimuzej.subotica.rs\/wp-content\/uploads\/2021\/06\/13_kicsi-1024x682.jpg\" alt=\"\" data-id=\"3700\" data-full-url=\"https:\/\/gradskimuzej.subotica.rs\/wp-content\/uploads\/2021\/06\/13_kicsi.jpg\" data-link=\"https:\/\/gradskimuzej.subotica.rs\/?attachment_id=3700\" class=\"wp-image-3700\" srcset=\"https:\/\/gradskimuzej.subotica.rs\/wp-content\/uploads\/2021\/06\/13_kicsi-1024x682.jpg 1024w, https:\/\/gradskimuzej.subotica.rs\/wp-content\/uploads\/2021\/06\/13_kicsi-750x500.jpg 750w, https:\/\/gradskimuzej.subotica.rs\/wp-content\/uploads\/2021\/06\/13_kicsi-400x267.jpg 400w, https:\/\/gradskimuzej.subotica.rs\/wp-content\/uploads\/2021\/06\/13_kicsi-768x512.jpg 768w, https:\/\/gradskimuzej.subotica.rs\/wp-content\/uploads\/2021\/06\/13_kicsi.jpg 1280w\" sizes=\"(max-width: 1024px) 100vw, 1024px\" \/><\/a><\/figure><\/li><\/ul><\/figure>\n\n\n\n<p><a href=\"https:\/\/www.facebook.com\/SecesijaUSuboticiSzecesszioSzabadkan\">https:\/\/www.facebook.com\/SecesijaUSuboticiSzecesszioSzabadkan<\/a><\/p>\n","protected":false},"excerpt":{"rendered":"<p>Povodom VIII Svetskog dana secesije, od 10. juna je na sajtu i Facebook stranici Gradskog muzeja Subotica postavljena virtuelna izlo\u017eba de\u010dijih radova Pred\u0161kolske ustanove \u201eNa\u0161a Radost\u201d na temu Motivi \u017eivotinja u arhitekturi secesije u Subotici, kao fotografije konkretnih primera koji su mogli poslu\u017eiti kao inspiracija. Program se realizuje kao nastavak saradnje sa ovom suboti\u010dkom pred\u0161kolskom [&hellip;]<\/p>\n","protected":false},"author":2,"featured_media":3671,"comment_status":"open","ping_status":"closed","sticky":false,"template":"tpl-noformat.php","format":"standard","meta":{"footnotes":""},"categories":[13],"tags":[699],"_links":{"self":[{"href":"https:\/\/gradskimuzej.subotica.rs\/index.php?rest_route=\/wp\/v2\/posts\/3635"}],"collection":[{"href":"https:\/\/gradskimuzej.subotica.rs\/index.php?rest_route=\/wp\/v2\/posts"}],"about":[{"href":"https:\/\/gradskimuzej.subotica.rs\/index.php?rest_route=\/wp\/v2\/types\/post"}],"author":[{"embeddable":true,"href":"https:\/\/gradskimuzej.subotica.rs\/index.php?rest_route=\/wp\/v2\/users\/2"}],"replies":[{"embeddable":true,"href":"https:\/\/gradskimuzej.subotica.rs\/index.php?rest_route=%2Fwp%2Fv2%2Fcomments&post=3635"}],"version-history":[{"count":11,"href":"https:\/\/gradskimuzej.subotica.rs\/index.php?rest_route=\/wp\/v2\/posts\/3635\/revisions"}],"predecessor-version":[{"id":3755,"href":"https:\/\/gradskimuzej.subotica.rs\/index.php?rest_route=\/wp\/v2\/posts\/3635\/revisions\/3755"}],"wp:featuredmedia":[{"embeddable":true,"href":"https:\/\/gradskimuzej.subotica.rs\/index.php?rest_route=\/wp\/v2\/media\/3671"}],"wp:attachment":[{"href":"https:\/\/gradskimuzej.subotica.rs\/index.php?rest_route=%2Fwp%2Fv2%2Fmedia&parent=3635"}],"wp:term":[{"taxonomy":"category","embeddable":true,"href":"https:\/\/gradskimuzej.subotica.rs\/index.php?rest_route=%2Fwp%2Fv2%2Fcategories&post=3635"},{"taxonomy":"post_tag","embeddable":true,"href":"https:\/\/gradskimuzej.subotica.rs\/index.php?rest_route=%2Fwp%2Fv2%2Ftags&post=3635"}],"curies":[{"name":"wp","href":"https:\/\/api.w.org\/{rel}","templated":true}]}}