{"id":3524,"date":"2021-05-04T08:49:25","date_gmt":"2021-05-04T06:49:25","guid":{"rendered":"https:\/\/gradskimuzej.subotica.rs\/?p=3524"},"modified":"2022-08-01T14:25:06","modified_gmt":"2022-08-01T12:25:06","slug":"budimski-slikar-matija-zeravic","status":"publish","type":"post","link":"https:\/\/gradskimuzej.subotica.rs\/?p=3524&lang=sr","title":{"rendered":"Budimski slikar Matija \u017deravi\u0107"},"content":{"rendered":"\n<p><strong>Datum otvaranje:<\/strong> 29. april 2021. godine, 12 \u010dasova<br><strong>Mesto:<\/strong> Izlo\u017ebena sala na prvom spratu<br> <strong>Autor izlo\u017ebe:<\/strong> dr \u017du\u017eana Korhec Pap, muzejski savetnik, restaurator<\/p>\n\n\n\n<p>Matija \u017deravi\u0107 (Schervitz) bio je popularan i cenjen majstor ma\u0111arske prestonice. Slikar hrvatskog porekla vra\u0107a se oko 1739. godine u svoj rodni grad, a 1741. je primljen me\u0111u gra\u0111anine Budima. Manje i ve\u0107e narud\u017ebine vezane za crkve u Budimu, kao \u0161to su nekada\u0161nje glavne oltarne pale u crkvi Sv. Katarine (1747) i u kapucinskoj crkvi Sv. Elizabete (1760) i freske u sveti\u0161tu crkve Marijino Poho\u0111enje, su uni\u0161tene. Slika Sv. Iva Heloryja (1759) iz \u017eupne crkve Sv. Petra i Pavla u Budimu (\u00d3buda) i svodna freska (1756) u crkvi bosanskih franjevaca Rane Sv. Franje u budimskom Vaser\u0161tatu (V\u00edziv\u00e1ros) su pomo\u0107u stilskih kritika povezane sa \u017deravi\u0107em. Oslik biblioteke i sve\u010dane sale u ka\u0161telu obitelji Radai (R\u00e1day) u Pecelu (P\u00e9cel, 1763-1767) je njegovo potvr\u0111eno delo. Klju\u010d za raspoznavanje slikarskog jezika M. \u017deravi\u0107a su dale oltarne pale Sv. Ana, Sv. Franja Serafski i Bezge\u0161no za\u010de\u0107e sa Adamom i Evom iz nekada\u0161nje franjeva\u010dke crkve u Feldvaru (Dunaf\u00f6ldv\u00e1r, 1768). Zahvaljuju\u0107i navedenoj komparativnoj gra\u0111i istoimene oltarne pale Rane Sv. Franje iz Budima (1756), Sombora (1769) i Osijeka (1770) svedo\u010de o prisnim vezama slikara i bosanskih franjevaca, koji su jedno njegovo delo dopremili \u010dak do Livna. Freske u sveti\u0161tu \u017eupnih crkava Presvetog Trojstva u Abi (1756) i Torda\u0161u (1760) sy pomo\u0107u stilske kritike povezane sa \u017deravi\u0107em. Njegov sin Josip \u017deravi\u0107 (Serovics, 1741-nakon 1792) i Gregor Fogl (Vogl, Fogel 1717-1782), budimski slikari, su verovatno bili njegovi u\u010denici. Matija \u017deravi\u0107 je verovatno izu\u010dio zanat pored talijanskog fresko slikara. Nije signirao nijedno svoje delo. Besprekorno poznavanje konstrukcije linearne perspektive i anatomije, \u017eivahni, raznovrsni karakteristi\u010dni likovi stavljaju ga me\u0111u najbolje majstore srednjoevropskog kasnog baroka. Njegov ga pozama\u0161ni opus izdvaja iz skupine lokalnih protagonista slikarske scene.<\/p>\n\n\n\n<p>Izlo\u017eba \u0107e biti otvorena do 4. juna 2021. godine.<\/p>\n\n\n\n<figure class=\"wp-block-gallery columns-3 is-cropped wp-block-gallery-1 is-layout-flex wp-block-gallery-is-layout-flex\"><ul class=\"blocks-gallery-grid\"><li class=\"blocks-gallery-item\"><figure><img loading=\"lazy\" decoding=\"async\" width=\"1000\" height=\"667\" src=\"https:\/\/gradskimuzej.subotica.rs\/wp-content\/uploads\/2021\/05\/IMG_4800k.jpg\" alt=\"\" data-id=\"3525\" data-full-url=\"https:\/\/gradskimuzej.subotica.rs\/wp-content\/uploads\/2021\/05\/IMG_4800k.jpg\" data-link=\"https:\/\/gradskimuzej.subotica.rs\/?attachment_id=3525\" class=\"wp-image-3525\" srcset=\"https:\/\/gradskimuzej.subotica.rs\/wp-content\/uploads\/2021\/05\/IMG_4800k.jpg 1000w, https:\/\/gradskimuzej.subotica.rs\/wp-content\/uploads\/2021\/05\/IMG_4800k-750x500.jpg 750w, https:\/\/gradskimuzej.subotica.rs\/wp-content\/uploads\/2021\/05\/IMG_4800k-400x267.jpg 400w, https:\/\/gradskimuzej.subotica.rs\/wp-content\/uploads\/2021\/05\/IMG_4800k-768x512.jpg 768w\" sizes=\"(max-width: 1000px) 100vw, 1000px\" \/><\/figure><\/li><li class=\"blocks-gallery-item\"><figure><img loading=\"lazy\" decoding=\"async\" width=\"1000\" height=\"667\" src=\"https:\/\/gradskimuzej.subotica.rs\/wp-content\/uploads\/2021\/05\/IMG_4806k.jpg\" alt=\"\" data-id=\"3526\" data-full-url=\"https:\/\/gradskimuzej.subotica.rs\/wp-content\/uploads\/2021\/05\/IMG_4806k.jpg\" data-link=\"https:\/\/gradskimuzej.subotica.rs\/?attachment_id=3526\" class=\"wp-image-3526\" srcset=\"https:\/\/gradskimuzej.subotica.rs\/wp-content\/uploads\/2021\/05\/IMG_4806k.jpg 1000w, https:\/\/gradskimuzej.subotica.rs\/wp-content\/uploads\/2021\/05\/IMG_4806k-750x500.jpg 750w, https:\/\/gradskimuzej.subotica.rs\/wp-content\/uploads\/2021\/05\/IMG_4806k-400x267.jpg 400w, https:\/\/gradskimuzej.subotica.rs\/wp-content\/uploads\/2021\/05\/IMG_4806k-768x512.jpg 768w\" sizes=\"(max-width: 1000px) 100vw, 1000px\" \/><\/figure><\/li><li class=\"blocks-gallery-item\"><figure><img loading=\"lazy\" decoding=\"async\" width=\"1000\" height=\"656\" src=\"https:\/\/gradskimuzej.subotica.rs\/wp-content\/uploads\/2021\/05\/IMG_4810k.jpg\" alt=\"\" data-id=\"3527\" data-full-url=\"https:\/\/gradskimuzej.subotica.rs\/wp-content\/uploads\/2021\/05\/IMG_4810k.jpg\" data-link=\"https:\/\/gradskimuzej.subotica.rs\/?attachment_id=3527\" class=\"wp-image-3527\" srcset=\"https:\/\/gradskimuzej.subotica.rs\/wp-content\/uploads\/2021\/05\/IMG_4810k.jpg 1000w, https:\/\/gradskimuzej.subotica.rs\/wp-content\/uploads\/2021\/05\/IMG_4810k-762x500.jpg 762w, https:\/\/gradskimuzej.subotica.rs\/wp-content\/uploads\/2021\/05\/IMG_4810k-400x262.jpg 400w, https:\/\/gradskimuzej.subotica.rs\/wp-content\/uploads\/2021\/05\/IMG_4810k-768x504.jpg 768w\" sizes=\"(max-width: 1000px) 100vw, 1000px\" \/><\/figure><\/li><li class=\"blocks-gallery-item\"><figure><img loading=\"lazy\" decoding=\"async\" width=\"1000\" height=\"765\" src=\"https:\/\/gradskimuzej.subotica.rs\/wp-content\/uploads\/2021\/05\/IMG_4811k.jpg\" alt=\"\" data-id=\"3528\" data-full-url=\"https:\/\/gradskimuzej.subotica.rs\/wp-content\/uploads\/2021\/05\/IMG_4811k.jpg\" data-link=\"https:\/\/gradskimuzej.subotica.rs\/?attachment_id=3528\" class=\"wp-image-3528\" srcset=\"https:\/\/gradskimuzej.subotica.rs\/wp-content\/uploads\/2021\/05\/IMG_4811k.jpg 1000w, https:\/\/gradskimuzej.subotica.rs\/wp-content\/uploads\/2021\/05\/IMG_4811k-654x500.jpg 654w, https:\/\/gradskimuzej.subotica.rs\/wp-content\/uploads\/2021\/05\/IMG_4811k-392x300.jpg 392w, https:\/\/gradskimuzej.subotica.rs\/wp-content\/uploads\/2021\/05\/IMG_4811k-768x588.jpg 768w\" sizes=\"(max-width: 1000px) 100vw, 1000px\" \/><\/figure><\/li><li class=\"blocks-gallery-item\"><figure><img loading=\"lazy\" decoding=\"async\" width=\"1000\" height=\"660\" src=\"https:\/\/gradskimuzej.subotica.rs\/wp-content\/uploads\/2021\/05\/IMG_4834k.jpg\" alt=\"\" data-id=\"3529\" data-full-url=\"https:\/\/gradskimuzej.subotica.rs\/wp-content\/uploads\/2021\/05\/IMG_4834k.jpg\" data-link=\"https:\/\/gradskimuzej.subotica.rs\/?attachment_id=3529\" class=\"wp-image-3529\" srcset=\"https:\/\/gradskimuzej.subotica.rs\/wp-content\/uploads\/2021\/05\/IMG_4834k.jpg 1000w, https:\/\/gradskimuzej.subotica.rs\/wp-content\/uploads\/2021\/05\/IMG_4834k-758x500.jpg 758w, https:\/\/gradskimuzej.subotica.rs\/wp-content\/uploads\/2021\/05\/IMG_4834k-400x264.jpg 400w, https:\/\/gradskimuzej.subotica.rs\/wp-content\/uploads\/2021\/05\/IMG_4834k-768x507.jpg 768w\" sizes=\"(max-width: 1000px) 100vw, 1000px\" \/><\/figure><\/li><li class=\"blocks-gallery-item\"><figure><img loading=\"lazy\" decoding=\"async\" width=\"1000\" height=\"658\" src=\"https:\/\/gradskimuzej.subotica.rs\/wp-content\/uploads\/2021\/05\/IMG_4835k.jpg\" alt=\"\" data-id=\"3530\" data-full-url=\"https:\/\/gradskimuzej.subotica.rs\/wp-content\/uploads\/2021\/05\/IMG_4835k.jpg\" data-link=\"https:\/\/gradskimuzej.subotica.rs\/?attachment_id=3530\" class=\"wp-image-3530\" srcset=\"https:\/\/gradskimuzej.subotica.rs\/wp-content\/uploads\/2021\/05\/IMG_4835k.jpg 1000w, https:\/\/gradskimuzej.subotica.rs\/wp-content\/uploads\/2021\/05\/IMG_4835k-760x500.jpg 760w, https:\/\/gradskimuzej.subotica.rs\/wp-content\/uploads\/2021\/05\/IMG_4835k-400x263.jpg 400w, https:\/\/gradskimuzej.subotica.rs\/wp-content\/uploads\/2021\/05\/IMG_4835k-768x505.jpg 768w\" sizes=\"(max-width: 1000px) 100vw, 1000px\" \/><\/figure><\/li><li class=\"blocks-gallery-item\"><figure><img loading=\"lazy\" decoding=\"async\" width=\"1000\" height=\"667\" src=\"https:\/\/gradskimuzej.subotica.rs\/wp-content\/uploads\/2021\/05\/IMG_4844k.jpg\" alt=\"\" data-id=\"3531\" data-full-url=\"https:\/\/gradskimuzej.subotica.rs\/wp-content\/uploads\/2021\/05\/IMG_4844k.jpg\" data-link=\"https:\/\/gradskimuzej.subotica.rs\/?attachment_id=3531\" class=\"wp-image-3531\" srcset=\"https:\/\/gradskimuzej.subotica.rs\/wp-content\/uploads\/2021\/05\/IMG_4844k.jpg 1000w, https:\/\/gradskimuzej.subotica.rs\/wp-content\/uploads\/2021\/05\/IMG_4844k-750x500.jpg 750w, https:\/\/gradskimuzej.subotica.rs\/wp-content\/uploads\/2021\/05\/IMG_4844k-400x267.jpg 400w, https:\/\/gradskimuzej.subotica.rs\/wp-content\/uploads\/2021\/05\/IMG_4844k-768x512.jpg 768w\" sizes=\"(max-width: 1000px) 100vw, 1000px\" \/><\/figure><\/li><li class=\"blocks-gallery-item\"><figure><img loading=\"lazy\" decoding=\"async\" width=\"1000\" height=\"667\" src=\"https:\/\/gradskimuzej.subotica.rs\/wp-content\/uploads\/2021\/05\/IMG_4861k.jpg\" alt=\"\" data-id=\"3532\" data-full-url=\"https:\/\/gradskimuzej.subotica.rs\/wp-content\/uploads\/2021\/05\/IMG_4861k.jpg\" data-link=\"https:\/\/gradskimuzej.subotica.rs\/?attachment_id=3532\" class=\"wp-image-3532\" srcset=\"https:\/\/gradskimuzej.subotica.rs\/wp-content\/uploads\/2021\/05\/IMG_4861k.jpg 1000w, https:\/\/gradskimuzej.subotica.rs\/wp-content\/uploads\/2021\/05\/IMG_4861k-750x500.jpg 750w, https:\/\/gradskimuzej.subotica.rs\/wp-content\/uploads\/2021\/05\/IMG_4861k-400x267.jpg 400w, https:\/\/gradskimuzej.subotica.rs\/wp-content\/uploads\/2021\/05\/IMG_4861k-768x512.jpg 768w\" sizes=\"(max-width: 1000px) 100vw, 1000px\" \/><\/figure><\/li><li class=\"blocks-gallery-item\"><figure><img loading=\"lazy\" decoding=\"async\" width=\"1000\" height=\"667\" src=\"https:\/\/gradskimuzej.subotica.rs\/wp-content\/uploads\/2021\/05\/IMG_4865k.jpg\" alt=\"\" data-id=\"3533\" data-full-url=\"https:\/\/gradskimuzej.subotica.rs\/wp-content\/uploads\/2021\/05\/IMG_4865k.jpg\" data-link=\"https:\/\/gradskimuzej.subotica.rs\/?attachment_id=3533\" class=\"wp-image-3533\" srcset=\"https:\/\/gradskimuzej.subotica.rs\/wp-content\/uploads\/2021\/05\/IMG_4865k.jpg 1000w, https:\/\/gradskimuzej.subotica.rs\/wp-content\/uploads\/2021\/05\/IMG_4865k-750x500.jpg 750w, https:\/\/gradskimuzej.subotica.rs\/wp-content\/uploads\/2021\/05\/IMG_4865k-400x267.jpg 400w, https:\/\/gradskimuzej.subotica.rs\/wp-content\/uploads\/2021\/05\/IMG_4865k-768x512.jpg 768w\" sizes=\"(max-width: 1000px) 100vw, 1000px\" \/><\/figure><\/li><li class=\"blocks-gallery-item\"><figure><img loading=\"lazy\" decoding=\"async\" width=\"1000\" height=\"653\" src=\"https:\/\/gradskimuzej.subotica.rs\/wp-content\/uploads\/2021\/05\/IMG_4896k.jpg\" alt=\"\" data-id=\"3534\" data-full-url=\"https:\/\/gradskimuzej.subotica.rs\/wp-content\/uploads\/2021\/05\/IMG_4896k.jpg\" data-link=\"https:\/\/gradskimuzej.subotica.rs\/?attachment_id=3534\" class=\"wp-image-3534\" srcset=\"https:\/\/gradskimuzej.subotica.rs\/wp-content\/uploads\/2021\/05\/IMG_4896k.jpg 1000w, https:\/\/gradskimuzej.subotica.rs\/wp-content\/uploads\/2021\/05\/IMG_4896k-766x500.jpg 766w, https:\/\/gradskimuzej.subotica.rs\/wp-content\/uploads\/2021\/05\/IMG_4896k-400x261.jpg 400w, https:\/\/gradskimuzej.subotica.rs\/wp-content\/uploads\/2021\/05\/IMG_4896k-768x502.jpg 768w\" sizes=\"(max-width: 1000px) 100vw, 1000px\" \/><\/figure><\/li><li class=\"blocks-gallery-item\"><figure><img loading=\"lazy\" decoding=\"async\" width=\"1000\" height=\"667\" src=\"https:\/\/gradskimuzej.subotica.rs\/wp-content\/uploads\/2021\/05\/IMG_4924k.jpg\" alt=\"\" data-id=\"3535\" data-full-url=\"https:\/\/gradskimuzej.subotica.rs\/wp-content\/uploads\/2021\/05\/IMG_4924k.jpg\" data-link=\"https:\/\/gradskimuzej.subotica.rs\/?attachment_id=3535\" class=\"wp-image-3535\" srcset=\"https:\/\/gradskimuzej.subotica.rs\/wp-content\/uploads\/2021\/05\/IMG_4924k.jpg 1000w, https:\/\/gradskimuzej.subotica.rs\/wp-content\/uploads\/2021\/05\/IMG_4924k-750x500.jpg 750w, https:\/\/gradskimuzej.subotica.rs\/wp-content\/uploads\/2021\/05\/IMG_4924k-400x267.jpg 400w, https:\/\/gradskimuzej.subotica.rs\/wp-content\/uploads\/2021\/05\/IMG_4924k-768x512.jpg 768w\" sizes=\"(max-width: 1000px) 100vw, 1000px\" \/><\/figure><\/li><\/ul><\/figure>\n","protected":false},"excerpt":{"rendered":"<p>Datum otvaranje: 29. april 2021. godine, 12 \u010dasovaMesto: Izlo\u017ebena sala na prvom spratu Autor izlo\u017ebe: dr \u017du\u017eana Korhec Pap, muzejski savetnik, restaurator Matija \u017deravi\u0107 (Schervitz) bio je popularan i cenjen majstor ma\u0111arske prestonice. Slikar hrvatskog porekla vra\u0107a se oko 1739. godine u svoj rodni grad, a 1741. je primljen me\u0111u gra\u0111anine Budima. Manje i ve\u0107e [&hellip;]<\/p>\n","protected":false},"author":2,"featured_media":3564,"comment_status":"open","ping_status":"closed","sticky":false,"template":"","format":"standard","meta":{"footnotes":""},"categories":[13,615,169],"tags":[135],"_links":{"self":[{"href":"https:\/\/gradskimuzej.subotica.rs\/index.php?rest_route=\/wp\/v2\/posts\/3524"}],"collection":[{"href":"https:\/\/gradskimuzej.subotica.rs\/index.php?rest_route=\/wp\/v2\/posts"}],"about":[{"href":"https:\/\/gradskimuzej.subotica.rs\/index.php?rest_route=\/wp\/v2\/types\/post"}],"author":[{"embeddable":true,"href":"https:\/\/gradskimuzej.subotica.rs\/index.php?rest_route=\/wp\/v2\/users\/2"}],"replies":[{"embeddable":true,"href":"https:\/\/gradskimuzej.subotica.rs\/index.php?rest_route=%2Fwp%2Fv2%2Fcomments&post=3524"}],"version-history":[{"count":4,"href":"https:\/\/gradskimuzej.subotica.rs\/index.php?rest_route=\/wp\/v2\/posts\/3524\/revisions"}],"predecessor-version":[{"id":3566,"href":"https:\/\/gradskimuzej.subotica.rs\/index.php?rest_route=\/wp\/v2\/posts\/3524\/revisions\/3566"}],"wp:featuredmedia":[{"embeddable":true,"href":"https:\/\/gradskimuzej.subotica.rs\/index.php?rest_route=\/wp\/v2\/media\/3564"}],"wp:attachment":[{"href":"https:\/\/gradskimuzej.subotica.rs\/index.php?rest_route=%2Fwp%2Fv2%2Fmedia&parent=3524"}],"wp:term":[{"taxonomy":"category","embeddable":true,"href":"https:\/\/gradskimuzej.subotica.rs\/index.php?rest_route=%2Fwp%2Fv2%2Fcategories&post=3524"},{"taxonomy":"post_tag","embeddable":true,"href":"https:\/\/gradskimuzej.subotica.rs\/index.php?rest_route=%2Fwp%2Fv2%2Ftags&post=3524"}],"curies":[{"name":"wp","href":"https:\/\/api.w.org\/{rel}","templated":true}]}}