{"id":3304,"date":"2020-02-18T10:17:39","date_gmt":"2020-02-18T09:17:39","guid":{"rendered":"https:\/\/gradskimuzej.subotica.rs\/?p=3304"},"modified":"2020-02-18T10:17:39","modified_gmt":"2020-02-18T09:17:39","slug":"gustenice","status":"publish","type":"post","link":"https:\/\/gradskimuzej.subotica.rs\/?p=3304&lang=sr","title":{"rendered":"Gu\u0161tenice"},"content":{"rendered":"\n<p> <strong>Datum:<\/strong>\u00a021. februar 2020, petak, 20 \u010dasova<br><strong>Mesto:<\/strong>\u00a0izlo\u017ebeni prostor na prizemlju<\/p>\n\n\n\n<p>Gradski muzej Subotica srda\u010dno Vas poziva na koncert grupe <em>Gu\u0161tenic<\/em>e koja \u0107e se odr\u017eati u sklopu izlo\u017ebe <em>LP \u2013 istorija gramofona i zlatno doba plo\u010da, <\/em>u petak, 21. februara 2020. godine sa po\u010detkom u 20 \u010dasova. Ulaz je slobodan.<\/p>\n\n\n\n<p>U\nsklopu izlo\u017ebe <em>LP <\/em><em>\u2013\n<\/em><em>istorija\ngramofona i zlatno doba plo\u010da<\/em>,\nduo <em>Gu\u0161tenice<\/em>\nposve\u0107uje ve\u010de bendovima <em>Radiohead<\/em>\ni <em>Darkwood Dub<\/em>.\nOlga \u010cegar i Pavle Zveki\u0107 u karakteristi\u010dnom zvuku kultnog\nbeogradskog sastava <em>Darkwood\nDub<\/em> (1988\u20132015)\n\u010duju suptilne, ali neosporive sli\u010dnosti sa legendarnim britanskim\nbendom <em>Radiohead<\/em>.\nIako se pomenute grupe prili\u010dno razlikuju u osnovnom muzi\u010dkom\nizra\u017eaju, obe grupe je te\u0161ko kategorizovati zbog konstantne stilske\nevolucije. Obe grupe sklone su \u010destim i veoma uspe\u0161nim\neksperimentima sa novim zvukom. Thom Yorke, frontmen grupe <em>Radiohead<\/em>,\nodabrao je <em>Darkwood\nDub<\/em> kao predgrupu\nza nastup svog drugog benda <em>Atoms\nfor Peace<\/em> na <em>Exit<\/em>\nfestivalu 2013. godine.<em>\nGu\u0161tenice<\/em> \u0107e\nsvirati pesme pomenutih grupa iz razli\u010ditih perioda, kao i autorske\npesme.<\/p>\n","protected":false},"excerpt":{"rendered":"<p>Datum:\u00a021. februar 2020, petak, 20 \u010dasovaMesto:\u00a0izlo\u017ebeni prostor na prizemlju Gradski muzej Subotica srda\u010dno Vas poziva na koncert grupe Gu\u0161tenice koja \u0107e se odr\u017eati u sklopu izlo\u017ebe LP \u2013 istorija gramofona i zlatno doba plo\u010da, u petak, 21. februara 2020. godine sa po\u010detkom u 20 \u010dasova. Ulaz je slobodan. U sklopu izlo\u017ebe LP \u2013 istorija gramofona [&hellip;]<\/p>\n","protected":false},"author":2,"featured_media":3305,"comment_status":"open","ping_status":"closed","sticky":false,"template":"","format":"standard","meta":{"footnotes":""},"categories":[13],"tags":[139],"_links":{"self":[{"href":"https:\/\/gradskimuzej.subotica.rs\/index.php?rest_route=\/wp\/v2\/posts\/3304"}],"collection":[{"href":"https:\/\/gradskimuzej.subotica.rs\/index.php?rest_route=\/wp\/v2\/posts"}],"about":[{"href":"https:\/\/gradskimuzej.subotica.rs\/index.php?rest_route=\/wp\/v2\/types\/post"}],"author":[{"embeddable":true,"href":"https:\/\/gradskimuzej.subotica.rs\/index.php?rest_route=\/wp\/v2\/users\/2"}],"replies":[{"embeddable":true,"href":"https:\/\/gradskimuzej.subotica.rs\/index.php?rest_route=%2Fwp%2Fv2%2Fcomments&post=3304"}],"version-history":[{"count":1,"href":"https:\/\/gradskimuzej.subotica.rs\/index.php?rest_route=\/wp\/v2\/posts\/3304\/revisions"}],"predecessor-version":[{"id":3306,"href":"https:\/\/gradskimuzej.subotica.rs\/index.php?rest_route=\/wp\/v2\/posts\/3304\/revisions\/3306"}],"wp:featuredmedia":[{"embeddable":true,"href":"https:\/\/gradskimuzej.subotica.rs\/index.php?rest_route=\/wp\/v2\/media\/3305"}],"wp:attachment":[{"href":"https:\/\/gradskimuzej.subotica.rs\/index.php?rest_route=%2Fwp%2Fv2%2Fmedia&parent=3304"}],"wp:term":[{"taxonomy":"category","embeddable":true,"href":"https:\/\/gradskimuzej.subotica.rs\/index.php?rest_route=%2Fwp%2Fv2%2Fcategories&post=3304"},{"taxonomy":"post_tag","embeddable":true,"href":"https:\/\/gradskimuzej.subotica.rs\/index.php?rest_route=%2Fwp%2Fv2%2Ftags&post=3304"}],"curies":[{"name":"wp","href":"https:\/\/api.w.org\/{rel}","templated":true}]}}