{"id":3180,"date":"2019-12-11T12:09:43","date_gmt":"2019-12-11T11:09:43","guid":{"rendered":"https:\/\/gradskimuzej.subotica.rs\/?p=3180"},"modified":"2022-08-01T14:26:42","modified_gmt":"2022-08-01T12:26:42","slug":"lp-a-gramofon-tortenete-es-a-lemezek-aranykora","status":"publish","type":"post","link":"https:\/\/gradskimuzej.subotica.rs\/?p=3180&lang=hu","title":{"rendered":"LP \u2013 A gramofon t\u00f6rt\u00e9nete \u00e9s a lemezek aranykora"},"content":{"rendered":"\n<p><strong>Megnyit\u00f3:<\/strong>\u00a02019. december 13., 19 \u00f3ra<br><strong>Helysz\u00edn:<\/strong>\u00a0f\u00f6ldszinti ki\u00e1ll\u00edt\u00f3terem<br><strong>A ki\u00e1ll\u00edt\u00e1s szerz\u0151je:<\/strong> Simon Vuleti\u0107 Vikt\u00f3ria \u2013 f\u0151m\u00fazeol\u00f3gus, n\u00e9prajzkutat\u00f3-antropol\u00f3gus<br><strong>A ki\u00e1ll\u00edt\u00e1st megnyitja: <\/strong>mgr. Hull\u00f3 Istv\u00e1n, a Szabadkai V\u00e1rosi M\u00fazeum igazgat\u00f3ja, mgr. Rifat Kulenovi\u0107, a belgr\u00e1di Tudom\u00e1ny \u00e9s Technika M\u00fazeum\u00e1nak igazgat\u00f3ja, \u00e9s Ljiljana Gavrilovi\u0107, a SANU N\u00e9prajzi Int\u00e9zet k\u00e9pvisel\u0151je.<br><strong>A megnyit\u00f3 k\u00eds\u00e9r\u0151programja:<\/strong>  a <em>Pionir 10<\/em> egy\u00fcttes koncertje.<\/p>\n\n\n\n<p> Az <em>LP \u2013 A gramofon t\u00f6rt\u00e9nete \u00e9s a lemezek aranykora<\/em> c\u00edm\u0171 ki\u00e1ll\u00edt\u00e1s keret\u00e9n bel\u00fcl megnyitjuk Nenad Raznatovi\u0107 <em>V\u00e9gtelen arcj\u00e1t\u00e9k<\/em> c\u00edm\u0171 ki\u00e1ll\u00edt\u00e1s\u00e1t is.<\/p>\n\n\n\n<p>\n\u201eNoha\na nosztalgia \u00e9s a technol\u00f3gia els\u0151 pillant\u00e1sra nem illenek \u00f6ssze,\naz \u00f6sszes technol\u00f3giai \u00e1tt\u00f6r\u00e9s, amely eleinte ellen\u00e1ll\u00e1st \u00e9s\nf\u00e9lelmet v\u00e1ltott ki, a tov\u00e1bbi technol\u00f3giai fejl\u0151d\u00e9s ut\u00e1n a\n\u201er\u00e9gi\u201d, \u201ej\u00f3l ismert\u201d \u00e9s \u201ebiztons\u00e1gos\u201d dolgok\nkateg\u00f3ri\u00e1j\u00e1ba ment \u00e1t, amelyek a r\u00e9gi sz\u00e9p id\u0151kre\neml\u00e9keztettek. \u00cdgy kevesebb, mint\n100 \u00e9v alatt a lemezj\u00e1tsz\u00f3 az elm\u00falt id\u0151k egyik nosztalgikus,\nromantiz\u00e1lt szimb\u00f3lum\u00e1v\u00e1 v\u00e1lt, amely l\u00e1tsz\u00f3lag mindig szebb \u00e9s\nbiztons\u00e1gosabb, mint a jelenkor.\u201d<\/p>\n\n\n\n<p class=\"has-text-align-right\">\nDr\nLjiljana Gavrilovi\u0107<\/p>\n","protected":false},"excerpt":{"rendered":"<p>Megnyit\u00f3:\u00a02019. december 13., 19 \u00f3raHelysz\u00edn:\u00a0f\u00f6ldszinti ki\u00e1ll\u00edt\u00f3teremA ki\u00e1ll\u00edt\u00e1s szerz\u0151je: Simon Vuleti\u0107 Vikt\u00f3ria \u2013 f\u0151m\u00fazeol\u00f3gus, n\u00e9prajzkutat\u00f3-antropol\u00f3gusA ki\u00e1ll\u00edt\u00e1st megnyitja: mgr. Hull\u00f3 Istv\u00e1n, a Szabadkai V\u00e1rosi M\u00fazeum igazgat\u00f3ja, mgr. Rifat Kulenovi\u0107, a belgr\u00e1di Tudom\u00e1ny \u00e9s Technika M\u00fazeum\u00e1nak igazgat\u00f3ja, \u00e9s Ljiljana Gavrilovi\u0107, a SANU N\u00e9prajzi Int\u00e9zet k\u00e9pvisel\u0151je.A megnyit\u00f3 k\u00eds\u00e9r\u0151programja: a Pionir 10 egy\u00fcttes koncertje. Az LP \u2013 A gramofon t\u00f6rt\u00e9nete [&hellip;]<\/p>\n","protected":false},"author":2,"featured_media":3181,"comment_status":"open","ping_status":"closed","sticky":false,"template":"","format":"standard","meta":{"footnotes":""},"categories":[1,29],"tags":[31],"_links":{"self":[{"href":"https:\/\/gradskimuzej.subotica.rs\/index.php?rest_route=\/wp\/v2\/posts\/3180"}],"collection":[{"href":"https:\/\/gradskimuzej.subotica.rs\/index.php?rest_route=\/wp\/v2\/posts"}],"about":[{"href":"https:\/\/gradskimuzej.subotica.rs\/index.php?rest_route=\/wp\/v2\/types\/post"}],"author":[{"embeddable":true,"href":"https:\/\/gradskimuzej.subotica.rs\/index.php?rest_route=\/wp\/v2\/users\/2"}],"replies":[{"embeddable":true,"href":"https:\/\/gradskimuzej.subotica.rs\/index.php?rest_route=%2Fwp%2Fv2%2Fcomments&post=3180"}],"version-history":[{"count":4,"href":"https:\/\/gradskimuzej.subotica.rs\/index.php?rest_route=\/wp\/v2\/posts\/3180\/revisions"}],"predecessor-version":[{"id":3312,"href":"https:\/\/gradskimuzej.subotica.rs\/index.php?rest_route=\/wp\/v2\/posts\/3180\/revisions\/3312"}],"wp:featuredmedia":[{"embeddable":true,"href":"https:\/\/gradskimuzej.subotica.rs\/index.php?rest_route=\/wp\/v2\/media\/3181"}],"wp:attachment":[{"href":"https:\/\/gradskimuzej.subotica.rs\/index.php?rest_route=%2Fwp%2Fv2%2Fmedia&parent=3180"}],"wp:term":[{"taxonomy":"category","embeddable":true,"href":"https:\/\/gradskimuzej.subotica.rs\/index.php?rest_route=%2Fwp%2Fv2%2Fcategories&post=3180"},{"taxonomy":"post_tag","embeddable":true,"href":"https:\/\/gradskimuzej.subotica.rs\/index.php?rest_route=%2Fwp%2Fv2%2Ftags&post=3180"}],"curies":[{"name":"wp","href":"https:\/\/api.w.org\/{rel}","templated":true}]}}