{"id":3095,"date":"2019-07-18T16:05:46","date_gmt":"2019-07-18T14:05:46","guid":{"rendered":"https:\/\/gradskimuzej.subotica.rs\/?p=3095"},"modified":"2020-01-16T11:51:53","modified_gmt":"2020-01-16T10:51:53","slug":"zastita-kulturnog-nasledja-letnji-kamp-za-srednjoskolce","status":"publish","type":"post","link":"https:\/\/gradskimuzej.subotica.rs\/?p=3095&lang=sr","title":{"rendered":"Letnji kamp za srednjo\u0161kolce"},"content":{"rendered":"\n<p><strong>Organizator: <\/strong>Gradski muzej Subotica<br><strong>Mesto:<\/strong> Franjeva\u010dki samostan Subotica<br><strong>Datum:<\/strong> 26\u201328. avgust 2019.<\/p>\n\n\n\n<p><strong>Program<\/strong>:<\/p>\n\n\n\n<ul><li>Upoznavanje sa vrednostima franjeva\u00e9ke crkve i samostana.<\/li><li>Inventarisanje umetni\u010dke zbirke.<\/li><li>Uvod u pozla\u0107ivanje.<\/li><\/ul>\n\n\n\n<p>Projekat  <em>Za\u0161tita kulturnog nasle\u0111a-letnji kamp za srednjo\u0161kolce<\/em> je uspe\u0161no  odr\u017ean zadnjih dana letnjeg raspusta godine 2019. Trodevni kamp je  odr\u017ean u najstarijoj gra\u0111evini grada Subotice u franjeva\u010dkom samostanu.  Prvi dan su srednjo\u0161kolci upoznali sve prostorije franjeva\u010dke crkve i  samostana. Neki od njih su inventarisali umetni\u010dku zbirku, a ve\u0107ina je  pozla\u0107ivala rezbareni ukras rama oltarne slike, koja je na kraju ugra\u0111ena  u ukrasni ram.\u00a0<\/p>\n\n\n\n<ul class=\"wp-block-gallery columns-3 is-cropped wp-block-gallery-1 is-layout-flex wp-block-gallery-is-layout-flex\"><li class=\"blocks-gallery-item\"><figure><img loading=\"lazy\" decoding=\"async\" width=\"575\" height=\"1024\" src=\"https:\/\/gradskimuzej.subotica.rs\/wp-content\/uploads\/2019\/09\/csiszolas-575x1024.jpg\" alt=\"\" data-id=\"3115\" data-link=\"https:\/\/gradskimuzej.subotica.rs\/?attachment_id=3115\" class=\"wp-image-3115\" srcset=\"https:\/\/gradskimuzej.subotica.rs\/wp-content\/uploads\/2019\/09\/csiszolas-575x1024.jpg 575w, https:\/\/gradskimuzej.subotica.rs\/wp-content\/uploads\/2019\/09\/csiszolas-169x300.jpg 169w, https:\/\/gradskimuzej.subotica.rs\/wp-content\/uploads\/2019\/09\/csiszolas-281x500.jpg 281w, https:\/\/gradskimuzej.subotica.rs\/wp-content\/uploads\/2019\/09\/csiszolas-768x1367.jpg 768w, https:\/\/gradskimuzej.subotica.rs\/wp-content\/uploads\/2019\/09\/csiszolas.jpg 1104w\" sizes=\"(max-width: 575px) 100vw, 575px\" \/><\/figure><\/li><li class=\"blocks-gallery-item\"><figure><img loading=\"lazy\" decoding=\"async\" width=\"1024\" height=\"884\" src=\"https:\/\/gradskimuzej.subotica.rs\/wp-content\/uploads\/2019\/09\/csoportkep-1024x884.jpg\" alt=\"\" data-id=\"3116\" data-link=\"https:\/\/gradskimuzej.subotica.rs\/?attachment_id=3116\" class=\"wp-image-3116\" srcset=\"https:\/\/gradskimuzej.subotica.rs\/wp-content\/uploads\/2019\/09\/csoportkep-1024x884.jpg 1024w, https:\/\/gradskimuzej.subotica.rs\/wp-content\/uploads\/2019\/09\/csoportkep-348x300.jpg 348w, https:\/\/gradskimuzej.subotica.rs\/wp-content\/uploads\/2019\/09\/csoportkep-579x500.jpg 579w, https:\/\/gradskimuzej.subotica.rs\/wp-content\/uploads\/2019\/09\/csoportkep-768x663.jpg 768w, https:\/\/gradskimuzej.subotica.rs\/wp-content\/uploads\/2019\/09\/csoportkep.jpg 1731w\" sizes=\"(max-width: 1024px) 100vw, 1024px\" \/><\/figure><\/li><li class=\"blocks-gallery-item\"><figure><img loading=\"lazy\" decoding=\"async\" width=\"1024\" height=\"682\" src=\"https:\/\/gradskimuzej.subotica.rs\/wp-content\/uploads\/2019\/09\/korbejaras-1024x682.jpg\" alt=\"\" data-id=\"3117\" data-link=\"https:\/\/gradskimuzej.subotica.rs\/?attachment_id=3117\" class=\"wp-image-3117\" srcset=\"https:\/\/gradskimuzej.subotica.rs\/wp-content\/uploads\/2019\/09\/korbejaras-1024x682.jpg 1024w, https:\/\/gradskimuzej.subotica.rs\/wp-content\/uploads\/2019\/09\/korbejaras-400x267.jpg 400w, https:\/\/gradskimuzej.subotica.rs\/wp-content\/uploads\/2019\/09\/korbejaras-750x500.jpg 750w, https:\/\/gradskimuzej.subotica.rs\/wp-content\/uploads\/2019\/09\/korbejaras-768x512.jpg 768w, https:\/\/gradskimuzej.subotica.rs\/wp-content\/uploads\/2019\/09\/korbejaras.jpg 1616w\" sizes=\"(max-width: 1024px) 100vw, 1024px\" \/><\/figure><\/li><\/ul>\n","protected":false},"excerpt":{"rendered":"<p>Organizator: Gradski muzej SuboticaMesto: Franjeva\u010dki samostan SuboticaDatum: 26\u201328. avgust 2019. Program: Upoznavanje sa vrednostima franjeva\u00e9ke crkve i samostana. Inventarisanje umetni\u010dke zbirke. Uvod u pozla\u0107ivanje. Projekat Za\u0161tita kulturnog nasle\u0111a-letnji kamp za srednjo\u0161kolce je uspe\u0161no odr\u017ean zadnjih dana letnjeg raspusta godine 2019. Trodevni kamp je odr\u017ean u najstarijoj gra\u0111evini grada Subotice u franjeva\u010dkom samostanu. Prvi dan su [&hellip;]<\/p>\n","protected":false},"author":2,"featured_media":4914,"comment_status":"open","ping_status":"closed","sticky":false,"template":"","format":"standard","meta":{"footnotes":""},"categories":[13,177],"tags":[155,89],"_links":{"self":[{"href":"https:\/\/gradskimuzej.subotica.rs\/index.php?rest_route=\/wp\/v2\/posts\/3095"}],"collection":[{"href":"https:\/\/gradskimuzej.subotica.rs\/index.php?rest_route=\/wp\/v2\/posts"}],"about":[{"href":"https:\/\/gradskimuzej.subotica.rs\/index.php?rest_route=\/wp\/v2\/types\/post"}],"author":[{"embeddable":true,"href":"https:\/\/gradskimuzej.subotica.rs\/index.php?rest_route=\/wp\/v2\/users\/2"}],"replies":[{"embeddable":true,"href":"https:\/\/gradskimuzej.subotica.rs\/index.php?rest_route=%2Fwp%2Fv2%2Fcomments&post=3095"}],"version-history":[{"count":4,"href":"https:\/\/gradskimuzej.subotica.rs\/index.php?rest_route=\/wp\/v2\/posts\/3095\/revisions"}],"predecessor-version":[{"id":3247,"href":"https:\/\/gradskimuzej.subotica.rs\/index.php?rest_route=\/wp\/v2\/posts\/3095\/revisions\/3247"}],"wp:featuredmedia":[{"embeddable":true,"href":"https:\/\/gradskimuzej.subotica.rs\/index.php?rest_route=\/wp\/v2\/media\/4914"}],"wp:attachment":[{"href":"https:\/\/gradskimuzej.subotica.rs\/index.php?rest_route=%2Fwp%2Fv2%2Fmedia&parent=3095"}],"wp:term":[{"taxonomy":"category","embeddable":true,"href":"https:\/\/gradskimuzej.subotica.rs\/index.php?rest_route=%2Fwp%2Fv2%2Fcategories&post=3095"},{"taxonomy":"post_tag","embeddable":true,"href":"https:\/\/gradskimuzej.subotica.rs\/index.php?rest_route=%2Fwp%2Fv2%2Ftags&post=3095"}],"curies":[{"name":"wp","href":"https:\/\/api.w.org\/{rel}","templated":true}]}}