{"id":1730,"date":"2019-02-27T21:30:25","date_gmt":"2019-02-27T20:30:25","guid":{"rendered":"https:\/\/gradskimuzej.subotica.rs\/?p=1730"},"modified":"2020-11-18T12:55:22","modified_gmt":"2020-11-18T11:55:22","slug":"terpeszallasban-grimasz-regen-es-ma%ef%bb%bf-2","status":"publish","type":"post","link":"https:\/\/gradskimuzej.subotica.rs\/?p=1730&lang=sr","title":{"rendered":"List &#8220;Grimasz&#8221; u pro\u0161losti i danas"},"content":{"rendered":"\n<div class=\"wp-block-image\"><figure class=\"aligncenter is-resized\"><img loading=\"lazy\" decoding=\"async\" src=\"https:\/\/gradskimuzej.subotica.rs\/wp-content\/uploads\/2019\/03\/grimasz.jpg\" alt=\"\"  class=\"wp-image-2325\" width=\"500\" height=\"330\" srcset=\"https:\/\/gradskimuzej.subotica.rs\/wp-content\/uploads\/2019\/03\/grimasz.jpg 1000w, https:\/\/gradskimuzej.subotica.rs\/wp-content\/uploads\/2019\/03\/grimasz-400x264.jpg 400w, https:\/\/gradskimuzej.subotica.rs\/wp-content\/uploads\/2019\/03\/grimasz-758x500.jpg 758w, https:\/\/gradskimuzej.subotica.rs\/wp-content\/uploads\/2019\/03\/grimasz-768x507.jpg 768w\" sizes=\"(max-width: 500px) 100vw, 500px\" \/><\/figure><\/div>\n\n\n\n<p><strong>Datum: <\/strong>5. mart 2019., 18 sati<br><strong>Mesto: <\/strong>Izlo\u017ebena sala na poluspratu<br><strong>Gost:<\/strong> Pal Lephaft, karikaturista<\/p>\n\n\n\n<p>Gradski muzej Subotica Vas srda\u010dno poziva na ve\u010de posve\u0107eno satiri\u010dnom listu \u201eGrimasz\u201d koji je u periodu izme\u0111u dva svetska rata izlazio i u Subotici, a \u010diji je saradnik bio i \u0110or\u0111e Bo\u0161an. Gost ve\u010deri \u0107e biti Pal Lephaft karikaturista, koji dvadeset i pet godina ure\u0111uje dana\u0161nju \u201eGrimasz\u201d-u. Vreme programa: 5. mart 2019, 18 \u010dasova.<\/p>\n\n\n\n<p> Tokom ve\u010deri bi \u0107e otvorena kamerna izlo\u017eba karikatura \u0110or\u0111a Bo\u0161ana i Pala Lephafta, koju \u0107e zainteresovani posetioci mo\u0107i pogledati tokom narednih nedelja, dok \u0107e izlo\u017eba slika \u0110or\u0111a Bo\u0161ana biti otvorena do 15. marta. <\/p>\n","protected":false},"excerpt":{"rendered":"<p>Datum: 5. mart 2019., 18 satiMesto: Izlo\u017ebena sala na poluspratuGost: Pal Lephaft, karikaturista Gradski muzej Subotica Vas srda\u010dno poziva na ve\u010de posve\u0107eno satiri\u010dnom listu \u201eGrimasz\u201d koji je u periodu izme\u0111u dva svetska rata izlazio i u Subotici, a \u010diji je saradnik bio i \u0110or\u0111e Bo\u0161an. Gost ve\u010deri \u0107e biti Pal Lephaft karikaturista, koji dvadeset i [&hellip;]<\/p>\n","protected":false},"author":2,"featured_media":2326,"comment_status":"closed","ping_status":"closed","sticky":false,"template":"","format":"standard","meta":{"footnotes":""},"categories":[13],"tags":[125],"_links":{"self":[{"href":"https:\/\/gradskimuzej.subotica.rs\/index.php?rest_route=\/wp\/v2\/posts\/1730"}],"collection":[{"href":"https:\/\/gradskimuzej.subotica.rs\/index.php?rest_route=\/wp\/v2\/posts"}],"about":[{"href":"https:\/\/gradskimuzej.subotica.rs\/index.php?rest_route=\/wp\/v2\/types\/post"}],"author":[{"embeddable":true,"href":"https:\/\/gradskimuzej.subotica.rs\/index.php?rest_route=\/wp\/v2\/users\/2"}],"replies":[{"embeddable":true,"href":"https:\/\/gradskimuzej.subotica.rs\/index.php?rest_route=%2Fwp%2Fv2%2Fcomments&post=1730"}],"version-history":[{"count":2,"href":"https:\/\/gradskimuzej.subotica.rs\/index.php?rest_route=\/wp\/v2\/posts\/1730\/revisions"}],"predecessor-version":[{"id":3477,"href":"https:\/\/gradskimuzej.subotica.rs\/index.php?rest_route=\/wp\/v2\/posts\/1730\/revisions\/3477"}],"wp:featuredmedia":[{"embeddable":true,"href":"https:\/\/gradskimuzej.subotica.rs\/index.php?rest_route=\/wp\/v2\/media\/2326"}],"wp:attachment":[{"href":"https:\/\/gradskimuzej.subotica.rs\/index.php?rest_route=%2Fwp%2Fv2%2Fmedia&parent=1730"}],"wp:term":[{"taxonomy":"category","embeddable":true,"href":"https:\/\/gradskimuzej.subotica.rs\/index.php?rest_route=%2Fwp%2Fv2%2Fcategories&post=1730"},{"taxonomy":"post_tag","embeddable":true,"href":"https:\/\/gradskimuzej.subotica.rs\/index.php?rest_route=%2Fwp%2Fv2%2Ftags&post=1730"}],"curies":[{"name":"wp","href":"https:\/\/api.w.org\/{rel}","templated":true}]}}