{"id":1621,"date":"2018-05-10T22:09:28","date_gmt":"2018-05-10T20:09:28","guid":{"rendered":"https:\/\/gradskimuzej.subotica.rs\/?p=1621"},"modified":"2019-04-22T22:10:11","modified_gmt":"2019-04-22T20:10:11","slug":"szeminariumok-2","status":"publish","type":"post","link":"https:\/\/gradskimuzej.subotica.rs\/?p=1621&lang=sr","title":{"rendered":"Seminari"},"content":{"rendered":"\n<p>\n10.\nMaja\n2018. je u Gradskom muzeju Subotica odr\u017ean\nseminar za restauratore pod naslovom<em>Koznervacija\nbaroknog slikarstva rk. crkve Presvetog srca Isusova u Futogu<\/em>.<\/p>\n\n\n\n<p>\nPrezentacije\nsu odr\u017eane na izlo\u017ebi <em>Budimski\nslikar Franc Falkoner<\/em><em>\n(1737<\/em><em>\u2013<\/em><em>1792)<\/em>.\n<strong>\u017du\u017eana\nKorhec Pap<\/strong>,\nrestaurator Gradskog muzeja Subotica je odr\u017eala svoje predavanje pod\nnaslovom: Restauracija baroknih oltarnih slika, a<strong>\nOlivera Brdari\u0107<\/strong>,\nrestaurator Pokrajinskog zavoda za za\u0161titu spomenika kulture o\nRestauraciji portreta Andra\u0161a Hadika. \n<\/p>\n\n\n\n<p>\nNa\nseminaru su prisustvovali profesori i studenti sa Akademije umetnosti\ni Tehni\u010dkog fakulteta iz Novog Sada i Centralnog instituta za\nkonzervaciju iz Beograda, kao i brojna publika.<\/p>\n\n\n\n<p>\nDrugi\nseminar je odr\u017eala <strong>\u017du\u017eana\nKorhec Pap<\/strong>\nu galeriji\n\u201cNagy\nIstv\u00e1n K\u00e9pt\u00e1r\u201d\nu Baji 3. oktobra 2018. godine,\npod naslovom <em>Restauracija\nu\u017eivo oltarne slike sv. Klare (1756) od Franca Falkonera<\/em>.<strong>\n<\/strong>Ovog\nputa je i publika mogla nakon\nprezentacije o restauraciji jedne\ndruge Falkonerove\noltarne slike da\nu\u010destvuje\nu prvim etapama restauracije,\nu samoj izlo\u017ebi\nBudimskog slikara Franca Falkonera.<\/p>\n\n\n\n<ul class=\"wp-block-gallery columns-3 is-cropped wp-block-gallery-1 is-layout-flex wp-block-gallery-is-layout-flex\"><li class=\"blocks-gallery-item\"><figure><img loading=\"lazy\" decoding=\"async\" width=\"1024\" height=\"683\" src=\"https:\/\/gradskimuzej.subotica.rs\/wp-content\/uploads\/2019\/03\/01-1-1024x683.jpg\" alt=\"\" data-id=\"720\" data-link=\"https:\/\/gradskimuzej.subotica.rs\/?attachment_id=720\"  class=\"wp-image-1907\" srcset=\"https:\/\/gradskimuzej.subotica.rs\/wp-content\/uploads\/2019\/03\/01-1-1024x683.jpg 1024w, https:\/\/gradskimuzej.subotica.rs\/wp-content\/uploads\/2019\/03\/01-1-400x267.jpg 400w, https:\/\/gradskimuzej.subotica.rs\/wp-content\/uploads\/2019\/03\/01-1-750x500.jpg 750w, https:\/\/gradskimuzej.subotica.rs\/wp-content\/uploads\/2019\/03\/01-1-768x512.jpg 768w\" sizes=\"(max-width: 1024px) 100vw, 1024px\" \/><\/figure><\/li><li class=\"blocks-gallery-item\"><figure><img loading=\"lazy\" decoding=\"async\" width=\"1024\" height=\"683\" src=\"https:\/\/gradskimuzej.subotica.rs\/wp-content\/uploads\/2019\/03\/02-2-1024x683.jpg\" alt=\"\" data-id=\"721\" data-link=\"https:\/\/gradskimuzej.subotica.rs\/?attachment_id=721\"  class=\"wp-image-1908\" srcset=\"https:\/\/gradskimuzej.subotica.rs\/wp-content\/uploads\/2019\/03\/02-2-1024x683.jpg 1024w, https:\/\/gradskimuzej.subotica.rs\/wp-content\/uploads\/2019\/03\/02-2-400x267.jpg 400w, https:\/\/gradskimuzej.subotica.rs\/wp-content\/uploads\/2019\/03\/02-2-750x500.jpg 750w, https:\/\/gradskimuzej.subotica.rs\/wp-content\/uploads\/2019\/03\/02-2-768x512.jpg 768w\" sizes=\"(max-width: 1024px) 100vw, 1024px\" \/><\/figure><\/li><li class=\"blocks-gallery-item\"><figure><img loading=\"lazy\" decoding=\"async\" width=\"1024\" height=\"683\" src=\"https:\/\/gradskimuzej.subotica.rs\/wp-content\/uploads\/2019\/03\/03-2-1024x683.jpg\" alt=\"\" data-id=\"722\" data-link=\"https:\/\/gradskimuzej.subotica.rs\/?attachment_id=722\"  class=\"wp-image-1909\" srcset=\"https:\/\/gradskimuzej.subotica.rs\/wp-content\/uploads\/2019\/03\/03-2-1024x683.jpg 1024w, https:\/\/gradskimuzej.subotica.rs\/wp-content\/uploads\/2019\/03\/03-2-400x267.jpg 400w, https:\/\/gradskimuzej.subotica.rs\/wp-content\/uploads\/2019\/03\/03-2-750x500.jpg 750w, https:\/\/gradskimuzej.subotica.rs\/wp-content\/uploads\/2019\/03\/03-2-768x512.jpg 768w\" sizes=\"(max-width: 1024px) 100vw, 1024px\" \/><\/figure><\/li><li class=\"blocks-gallery-item\"><figure><img loading=\"lazy\" decoding=\"async\" width=\"1024\" height=\"683\" src=\"https:\/\/gradskimuzej.subotica.rs\/wp-content\/uploads\/2019\/03\/04-1-1024x683.jpg\" alt=\"\" data-id=\"723\" data-link=\"https:\/\/gradskimuzej.subotica.rs\/?attachment_id=723\"  class=\"wp-image-1910\" srcset=\"https:\/\/gradskimuzej.subotica.rs\/wp-content\/uploads\/2019\/03\/04-1-1024x683.jpg 1024w, https:\/\/gradskimuzej.subotica.rs\/wp-content\/uploads\/2019\/03\/04-1-400x267.jpg 400w, https:\/\/gradskimuzej.subotica.rs\/wp-content\/uploads\/2019\/03\/04-1-750x500.jpg 750w, https:\/\/gradskimuzej.subotica.rs\/wp-content\/uploads\/2019\/03\/04-1-768x512.jpg 768w\" sizes=\"(max-width: 1024px) 100vw, 1024px\" \/><\/figure><\/li><li class=\"blocks-gallery-item\"><figure><img loading=\"lazy\" decoding=\"async\" width=\"1024\" height=\"743\" src=\"https:\/\/gradskimuzej.subotica.rs\/wp-content\/uploads\/2019\/03\/05-1-1024x743.jpg\" alt=\"\" data-id=\"724\" data-link=\"https:\/\/gradskimuzej.subotica.rs\/?attachment_id=724\"  class=\"wp-image-1911\" srcset=\"https:\/\/gradskimuzej.subotica.rs\/wp-content\/uploads\/2019\/03\/05-1-1024x743.jpg 1024w, https:\/\/gradskimuzej.subotica.rs\/wp-content\/uploads\/2019\/03\/05-1-400x290.jpg 400w, https:\/\/gradskimuzej.subotica.rs\/wp-content\/uploads\/2019\/03\/05-1-689x500.jpg 689w, https:\/\/gradskimuzej.subotica.rs\/wp-content\/uploads\/2019\/03\/05-1-768x557.jpg 768w\" sizes=\"(max-width: 1024px) 100vw, 1024px\" \/><\/figure><\/li><li class=\"blocks-gallery-item\"><figure><img loading=\"lazy\" decoding=\"async\" width=\"683\" height=\"1024\" src=\"https:\/\/gradskimuzej.subotica.rs\/wp-content\/uploads\/2019\/03\/06-1-683x1024.jpg\" alt=\"\" data-id=\"725\" data-link=\"https:\/\/gradskimuzej.subotica.rs\/?attachment_id=725\"  class=\"wp-image-1912\" srcset=\"https:\/\/gradskimuzej.subotica.rs\/wp-content\/uploads\/2019\/03\/06-1-683x1024.jpg 683w, https:\/\/gradskimuzej.subotica.rs\/wp-content\/uploads\/2019\/03\/06-1-200x300.jpg 200w, https:\/\/gradskimuzej.subotica.rs\/wp-content\/uploads\/2019\/03\/06-1-333x500.jpg 333w, https:\/\/gradskimuzej.subotica.rs\/wp-content\/uploads\/2019\/03\/06-1-768x1152.jpg 768w, https:\/\/gradskimuzej.subotica.rs\/wp-content\/uploads\/2019\/03\/06-1.jpg 2000w\" sizes=\"(max-width: 683px) 100vw, 683px\" \/><\/figure><\/li><li class=\"blocks-gallery-item\"><figure><img loading=\"lazy\" decoding=\"async\" width=\"1024\" height=\"683\" src=\"https:\/\/gradskimuzej.subotica.rs\/wp-content\/uploads\/2019\/03\/07-1024x683.jpg\" alt=\"\" data-id=\"726\" data-link=\"https:\/\/gradskimuzej.subotica.rs\/?attachment_id=726\"  class=\"wp-image-1913\" srcset=\"https:\/\/gradskimuzej.subotica.rs\/wp-content\/uploads\/2019\/03\/07-1024x683.jpg 1024w, https:\/\/gradskimuzej.subotica.rs\/wp-content\/uploads\/2019\/03\/07-400x267.jpg 400w, https:\/\/gradskimuzej.subotica.rs\/wp-content\/uploads\/2019\/03\/07-750x500.jpg 750w, https:\/\/gradskimuzej.subotica.rs\/wp-content\/uploads\/2019\/03\/07-768x512.jpg 768w\" sizes=\"(max-width: 1024px) 100vw, 1024px\" \/><\/figure><\/li><li class=\"blocks-gallery-item\"><figure><img loading=\"lazy\" decoding=\"async\" width=\"1024\" height=\"683\" src=\"https:\/\/gradskimuzej.subotica.rs\/wp-content\/uploads\/2019\/03\/08-1024x683.jpg\" alt=\"\" data-id=\"727\" data-link=\"https:\/\/gradskimuzej.subotica.rs\/?attachment_id=727\"  class=\"wp-image-1914\" srcset=\"https:\/\/gradskimuzej.subotica.rs\/wp-content\/uploads\/2019\/03\/08-1024x683.jpg 1024w, https:\/\/gradskimuzej.subotica.rs\/wp-content\/uploads\/2019\/03\/08-400x267.jpg 400w, https:\/\/gradskimuzej.subotica.rs\/wp-content\/uploads\/2019\/03\/08-750x500.jpg 750w, https:\/\/gradskimuzej.subotica.rs\/wp-content\/uploads\/2019\/03\/08-768x512.jpg 768w\" sizes=\"(max-width: 1024px) 100vw, 1024px\" \/><\/figure><\/li><\/ul>\n","protected":false},"excerpt":{"rendered":"<p>10. Maja 2018. je u Gradskom muzeju Subotica odr\u017ean seminar za restauratore pod naslovomKoznervacija baroknog slikarstva rk. crkve Presvetog srca Isusova u Futogu. Prezentacije su odr\u017eane na izlo\u017ebi Budimski slikar Franc Falkoner (1737\u20131792). \u017du\u017eana Korhec Pap, restaurator Gradskog muzeja Subotica je odr\u017eala svoje predavanje pod naslovom: Restauracija baroknih oltarnih slika, a Olivera Brdari\u0107, restaurator Pokrajinskog [&hellip;]<\/p>\n","protected":false},"author":2,"featured_media":1915,"comment_status":"open","ping_status":"closed","sticky":false,"template":"","format":"standard","meta":{"footnotes":""},"categories":[177],"tags":[89],"_links":{"self":[{"href":"https:\/\/gradskimuzej.subotica.rs\/index.php?rest_route=\/wp\/v2\/posts\/1621"}],"collection":[{"href":"https:\/\/gradskimuzej.subotica.rs\/index.php?rest_route=\/wp\/v2\/posts"}],"about":[{"href":"https:\/\/gradskimuzej.subotica.rs\/index.php?rest_route=\/wp\/v2\/types\/post"}],"author":[{"embeddable":true,"href":"https:\/\/gradskimuzej.subotica.rs\/index.php?rest_route=\/wp\/v2\/users\/2"}],"replies":[{"embeddable":true,"href":"https:\/\/gradskimuzej.subotica.rs\/index.php?rest_route=%2Fwp%2Fv2%2Fcomments&post=1621"}],"version-history":[{"count":1,"href":"https:\/\/gradskimuzej.subotica.rs\/index.php?rest_route=\/wp\/v2\/posts\/1621\/revisions"}],"predecessor-version":[{"id":1622,"href":"https:\/\/gradskimuzej.subotica.rs\/index.php?rest_route=\/wp\/v2\/posts\/1621\/revisions\/1622"}],"wp:featuredmedia":[{"embeddable":true,"href":"https:\/\/gradskimuzej.subotica.rs\/index.php?rest_route=\/wp\/v2\/media\/1915"}],"wp:attachment":[{"href":"https:\/\/gradskimuzej.subotica.rs\/index.php?rest_route=%2Fwp%2Fv2%2Fmedia&parent=1621"}],"wp:term":[{"taxonomy":"category","embeddable":true,"href":"https:\/\/gradskimuzej.subotica.rs\/index.php?rest_route=%2Fwp%2Fv2%2Fcategories&post=1621"},{"taxonomy":"post_tag","embeddable":true,"href":"https:\/\/gradskimuzej.subotica.rs\/index.php?rest_route=%2Fwp%2Fv2%2Ftags&post=1621"}],"curies":[{"name":"wp","href":"https:\/\/api.w.org\/{rel}","templated":true}]}}