{"id":1604,"date":"2018-12-10T18:20:06","date_gmt":"2018-12-10T17:20:06","guid":{"rendered":"https:\/\/gradskimuzej.subotica.rs\/?p=1604"},"modified":"2019-04-24T22:19:18","modified_gmt":"2019-04-24T20:19:18","slug":"kiallitas-boschan-gyorgy-2","status":"publish","type":"post","link":"https:\/\/gradskimuzej.subotica.rs\/?p=1604&lang=sr","title":{"rendered":"\u0110or\u0111e Bo\u0161an"},"content":{"rendered":"\n<p><strong>Datum otvaranje: <\/strong> 13. decembar 2018., 18 sati<br><strong>Mesto:<\/strong>\u00a0Sala za tematske izlo\u017ebe, prizemlje<br><strong>Autori izlo\u017ebe i kataloga: <\/strong>dr Olga K. Ninkov i Ljubica Vukovi\u0107 Duli\u0107<br><strong>Izlo\u017eba je otvorena do 31. maja 2019.<\/strong><\/p>\n\n\n\n<p>Slikar i profesor \u0110or\u0111e Bo\u0161an ro\u0111en je u Subotici 1918, u porodici Samuela i Ele Bo\u0161an. Bio je u\u010denik suboti\u010dke gimnazije i karikaturista suboti\u010dkog satiri\u010dnog lista \u201eGrimasz\u201c. Zavr\u0161io je Akademiju likovnih umetnosti u Beogradu 1946, a potom specijalne te\u010dajeve u klasi Ljube Babi\u0107a u Zagrebu i Marka \u010celebonovi\u0107a u Beogradu. Bio je \u010dlan ULUS-a, i jedan od \u010dlanova osniva\u010da grupe \u201eSamostalni\u201c i \u201eBeogradske grupe\u201c. Kao profesor Akademije likovnih umetnosti u Beogradu, tokom svog profesorsko-pedago\u0161kog rada za predmet slikarstvo, od 1949. do 1978, u\u010destvuje u zna\u010dajnim likovnim zbivanjima i u konstituisanju rada ove visokoobrazovne umetni\u010dke ustanove: 1957. je bio \u010dlan Komisije za izradu prvog Statuta Akademije. \u201eSvoju profesorsku ulogu shvatao je kao delovanje tuma\u010da i podstreka\u010da op\u0161teg kulturnog uzdizanja, a ne samo kao prenosioca tehni\u010dkih znanja ili, daleko bilo od pomisli, kao primer za stilsko ugledanje.\u201c (Aleksa \u010celebonovi\u0107)<\/p>\n\n\n\n<p> \u0110or\u0111e Bo\u0161an je dobitnik vi\u0161e nagarda, kao npr. Umetni\u010dke kolonija E\u010dka i Forumove nagrade. Preminuo je u Beogradu 1984, nakon \u010dega je dr Nada Bo\u0161an je 1987. poklonila dvadeset i \u0161est njegovih slika Gradskom muzeju Subotica i tako osnovala u rodnom gradu slikara Poklon zbirku \u0110or\u0111e Bo\u0161an. Osim svojim poreklom, \u0110or\u0111e Bo\u0161an je za Suboticu vi\u0161estruko vezan i svojim profesionalnim anga\u017emanom, ponajpre slikarskim, odnosno izlo\u017ebenim. Tako je u Subotici izlagao ve\u0107 1938. godine na Izlo\u017ebi mladih umetnika jugoslovenskih Ma\u0111ara, tada ve\u0107 kao student beogradske Umetni\u010dke akademije. \u010clanovi porodice Bo\u0161an u Subotici su imali va\u017enu ulogu u razvoju \u0161aha, te u reolucionarnom i cionisti\u010dkom pokretu, kao i na polju umetnosti u periodu izme\u0111u dva svetska rata. Mnogi iz porodice su postali \u017ertva holokausta. Upoznaju\u0107i korene i po\u010detke delatnosti \u0110or\u0111a Bo\u0161ana, mo\u017eemo izvr\u0161iti revalorizaciju njegove umetnosti i povezati je kako sa li\u010dnom istorijom umetnika tako i sa aktuelnim de\u0161avanjima umetnosti i politike vremena u kome je \u017eiveo. Izlo\u017ebu prati katalog sa studijom dr Olge K. Ninkov \u0110OR\u0110E BO\u0160AN I SUBOTICA, te studijom Ljubice Vukovi\u0107 Duli\u0107 \u0110OR\u0110E BO\u0160AN \u2013 STUDENT I PROFESOR AKADEMIJE. Me\u0111u celine kataloga, uklju\u010den je i popis radova \u0110or\u0111a Bo\u0161ana u javnim zbirkama, od kojih su ovom prilikom izlo\u017eena dela iz Gradskog muzeja u Be\u010deju, Gradskog muzeja Senta, Gradskog muzeja Subotica, Jevrejskog istorijskog muzeja u Beogradu, Muzeja savremene umetnosti u Beogradu, Savremene galerija Subotica i Savremene galerija Zrenjanin. <\/p>\n\n\n\n<p>\u201eNedostaje nam njegova okrepljuju\u0107a duhovita i britka, o\u0161tra re\u010d, kojom je, ako smem tako da se izrazim, neumorno lupao po nekim glupim obmanama, razbijao iluzije, \u0161irio horizonte, kritikovao sve oko sebe \u2026 Umelo je to i da zaboli, ali i da ponese!\u201d  (Magda Simin Bo\u0161an)<\/p>\n","protected":false},"excerpt":{"rendered":"<p>Datum otvaranje: 13. decembar 2018., 18 satiMesto:\u00a0Sala za tematske izlo\u017ebe, prizemljeAutori izlo\u017ebe i kataloga: dr Olga K. Ninkov i Ljubica Vukovi\u0107 Duli\u0107Izlo\u017eba je otvorena do 31. maja 2019. Slikar i profesor \u0110or\u0111e Bo\u0161an ro\u0111en je u Subotici 1918, u porodici Samuela i Ele Bo\u0161an. Bio je u\u010denik suboti\u010dke gimnazije i karikaturista suboti\u010dkog satiri\u010dnog lista \u201eGrimasz\u201c. [&hellip;]<\/p>\n","protected":false},"author":1,"featured_media":2256,"comment_status":"open","ping_status":"closed","sticky":false,"template":"","format":"standard","meta":{"footnotes":""},"categories":[13,169],"tags":[135],"_links":{"self":[{"href":"https:\/\/gradskimuzej.subotica.rs\/index.php?rest_route=\/wp\/v2\/posts\/1604"}],"collection":[{"href":"https:\/\/gradskimuzej.subotica.rs\/index.php?rest_route=\/wp\/v2\/posts"}],"about":[{"href":"https:\/\/gradskimuzej.subotica.rs\/index.php?rest_route=\/wp\/v2\/types\/post"}],"author":[{"embeddable":true,"href":"https:\/\/gradskimuzej.subotica.rs\/index.php?rest_route=\/wp\/v2\/users\/1"}],"replies":[{"embeddable":true,"href":"https:\/\/gradskimuzej.subotica.rs\/index.php?rest_route=%2Fwp%2Fv2%2Fcomments&post=1604"}],"version-history":[{"count":4,"href":"https:\/\/gradskimuzej.subotica.rs\/index.php?rest_route=\/wp\/v2\/posts\/1604\/revisions"}],"predecessor-version":[{"id":1741,"href":"https:\/\/gradskimuzej.subotica.rs\/index.php?rest_route=\/wp\/v2\/posts\/1604\/revisions\/1741"}],"wp:featuredmedia":[{"embeddable":true,"href":"https:\/\/gradskimuzej.subotica.rs\/index.php?rest_route=\/wp\/v2\/media\/2256"}],"wp:attachment":[{"href":"https:\/\/gradskimuzej.subotica.rs\/index.php?rest_route=%2Fwp%2Fv2%2Fmedia&parent=1604"}],"wp:term":[{"taxonomy":"category","embeddable":true,"href":"https:\/\/gradskimuzej.subotica.rs\/index.php?rest_route=%2Fwp%2Fv2%2Fcategories&post=1604"},{"taxonomy":"post_tag","embeddable":true,"href":"https:\/\/gradskimuzej.subotica.rs\/index.php?rest_route=%2Fwp%2Fv2%2Ftags&post=1604"}],"curies":[{"name":"wp","href":"https:\/\/api.w.org\/{rel}","templated":true}]}}